{"id":25467,"date":"2023-08-18T19:35:04","date_gmt":"2023-08-18T22:35:04","guid":{"rendered":"https:\/\/chacosintesis.com.ar\/?p=25467"},"modified":"2023-08-18T19:37:01","modified_gmt":"2023-08-18T22:37:01","slug":"el-gobernador-lanzo-una-operatoria-del-nbch-para-la-unificacion-de-deuda-personal-de-la-administracion-publica","status":"publish","type":"post","link":"https:\/\/chacosintesis.com.ar\/index.php\/el-gobernador-lanzo-una-operatoria-del-nbch-para-la-unificacion-de-deuda-personal-de-la-administracion-publica\/","title":{"rendered":"El gobernador lanz\u00f3 una operatoria del NBCH para la unificaci\u00f3n de deuda personal de la Administraci\u00f3n P\u00fablica"},"content":{"rendered":"<div class=\"postie-post\">Otorga un periodo de gracia de seis meses y beneficia a 24.000 trabajadores activos y pasivos. Permitir\u00e1 no perder un 25% del poder adquisitivo del salario para quienes tienen que pagar pr\u00e9stamos, anticipos y tarjeta de cr\u00e9dito.<\/p>\n<p>El gobernador Jorge Capitanich encabez\u00f3 esta ma\u00f1ana la presentaci\u00f3n de la L\u00ednea Especial para Activos y Pasivos de la Administraci\u00f3n P\u00fablica Provincial para unificaci\u00f3n de deudas con seis meses de gracia del Nuevo Banco del Chaco (NBCh). La medida tiene como objetivo impactar en el poder adquisitivo de las y los trabajadores pasivos y activos, frente al incremento de la tasa de inter\u00e9s en 21 puntos. \u201cHoy el NBCh tiene 24.000 deudores activos y pasivos por $12.500 millones. Entonces para que no se afecte el poder adquisitivo de cada persona por esa deuda, se aplica esta operatoria, donde se baja la tasa de inter\u00e9s y se alarga el plazo de cancelaci\u00f3n de la misma\u201d, explic\u00f3 el mandatario.<br \/>\nEsta l\u00ednea del NBCh estar\u00e1 disponible para consulta online desde el lunes 27, completando un formulario. La entidad bancaria analizar\u00e1 caso por caso para determinar si puede acceder al beneficio.<br \/>\nUna vez que tengan el visto bueno del NBCh, cada persona tendr\u00e1 una unificaci\u00f3n de deuda, ya sea contra\u00edda por pr\u00e9stamos personales, anticipos o tarjetas de cr\u00e9dito, y acceder\u00e1 a un periodo de gracia de seis meses para la cancelaci\u00f3n de la misma.<br \/>\nMaia Woelflin, de la entidad bancaria, destac\u00f3 la importancia de esta l\u00ednea para unificar todas las deudas en una sola, sobre todo para quienes tienen m\u00e1s comprometido su ingreso disponible, permitiendo as\u00ed disminuir el monto de las cuotas a pagar por mes. \u201cHaremos un an\u00e1lisis pormenorizado de cada una de las personas que soliciten este beneficio para poder asesorarlos de la mejor manera\u201d, indic\u00f3.<br \/>\nEconom\u00eda de bolsillo<br \/>\nRespecto de las pol\u00edticas econ\u00f3micas para fortalecer el bolsillo de las familias chaque\u00f1as, Capitanich destac\u00f3 el pago de los salarios a mes vencido, que en agosto ser\u00e1n el 29 y 30 respectivamente; las distintas operatorias del NBCh para estimular el consumo como el programa Ahorr\u00e1 Chaco y los Superd\u00edas con Tuya; y los incrementos salariales aplicados, que de enero a agosto, tienen un acumulado del 70%.<br \/>\n\u201cSi uno toma los \u00faltimos 40 a\u00f1os de democracia, nosotros tenemos el mejor salario de la historia. Los mejores \u00edndices salariales se dieron en 2015 y 2023, para la docencia, los polic\u00edas y los m\u00e9dicos, por mencionar los sectores que tuvieron mejores ingresos\u201d, explic\u00f3 el gobernador. Y prosigui\u00f3: \u201cEl flujo m\u00e1ximo de pagos de remuneraciones para el mes de agosto equivale a $27.000 millones para el sector p\u00fablico provincial y el sistema de seguridad social, m\u00e1s o menos $28.000 millones. Eso significa claramente una estrategia cercana a los $55.000 millones de transferencias de recursos a familias. Por lo tanto es muy importante reconocer el rol del Estado\u201d.<\/p><\/div>\n","protected":false},"excerpt":{"rendered":"<p>Otorga un periodo de gracia de seis meses y beneficia a 24.000 trabajadores activos y pasivos. Permitir\u00e1 no perder un 25% del poder adquisitivo del salario para quienes tienen que pagar pr\u00e9stamos, anticipos y tarjeta de cr\u00e9dito. El gobernador Jorge Capitanich encabez\u00f3 esta ma\u00f1ana la presentaci\u00f3n de la L\u00ednea Especial para Activos y Pasivos de [&hellip;]<\/p>\n","protected":false},"author":1,"featured_media":25468,"comment_status":"closed","ping_status":"closed","sticky":false,"template":"","format":"standard","meta":{"footnotes":""},"categories":[6],"tags":[],"class_list":{"0":"post-25467","1":"post","2":"type-post","3":"status-publish","4":"format-standard","5":"has-post-thumbnail","7":"category-chaco"},"_links":{"self":[{"href":"https:\/\/chacosintesis.com.ar\/index.php\/wp-json\/wp\/v2\/posts\/25467","targetHints":{"allow":["GET"]}}],"collection":[{"href":"https:\/\/chacosintesis.com.ar\/index.php\/wp-json\/wp\/v2\/posts"}],"about":[{"href":"https:\/\/chacosintesis.com.ar\/index.php\/wp-json\/wp\/v2\/types\/post"}],"author":[{"embeddable":true,"href":"https:\/\/chacosintesis.com.ar\/index.php\/wp-json\/wp\/v2\/users\/1"}],"replies":[{"embeddable":true,"href":"https:\/\/chacosintesis.com.ar\/index.php\/wp-json\/wp\/v2\/comments?post=25467"}],"version-history":[{"count":0,"href":"https:\/\/chacosintesis.com.ar\/index.php\/wp-json\/wp\/v2\/posts\/25467\/revisions"}],"wp:featuredmedia":[{"embeddable":true,"href":"https:\/\/chacosintesis.com.ar\/index.php\/wp-json\/wp\/v2\/media\/25468"}],"wp:attachment":[{"href":"https:\/\/chacosintesis.com.ar\/index.php\/wp-json\/wp\/v2\/media?parent=25467"}],"wp:term":[{"taxonomy":"category","embeddable":true,"href":"https:\/\/chacosintesis.com.ar\/index.php\/wp-json\/wp\/v2\/categories?post=25467"},{"taxonomy":"post_tag","embeddable":true,"href":"https:\/\/chacosintesis.com.ar\/index.php\/wp-json\/wp\/v2\/tags?post=25467"}],"curies":[{"name":"wp","href":"https:\/\/api.w.org\/{rel}","templated":true}]}}