{"id":25465,"date":"2023-08-18T19:33:15","date_gmt":"2023-08-18T22:33:15","guid":{"rendered":"https:\/\/chacosintesis.com.ar\/?p=25465"},"modified":"2023-08-18T19:36:56","modified_gmt":"2023-08-18T22:36:56","slug":"el-oso-correa-candidato-del-frente-chaquenos-se-suma-a-las-filas-de-zdero","status":"publish","type":"post","link":"https:\/\/chacosintesis.com.ar\/index.php\/el-oso-correa-candidato-del-frente-chaquenos-se-suma-a-las-filas-de-zdero\/","title":{"rendered":"El &#8220;Oso&#8221; Correa candidato del frente Chaque\u00f1os, se suma a las filas de Zdero"},"content":{"rendered":"<div class=\"postie-post\">Leandro Zdero, candidato a Gobernador de Juntos para el Cambio, sum\u00f3 el apoyo pol\u00edtico por parte del dirigente peronista, Rub\u00e9n \u201cEl Oso\u201d Correa en la localidad de Fuerte Esperanza y el acompa\u00f1amiento para Jos\u00e9 Luis Maldonado, como candidato a intendente local.<br \/>\nDurante esta semana, en diversas actividades con vecinos y sectores, se encuentra Zdero llevando sus propuestas en El Impenetrable chaque\u00f1o y en el marco de estas reuniones realizadas en Fuerte Esperanza y en Comandancia Fr\u00edas, el dirigente peronista Rub\u00e9n \u201cEl Oso\u201d Correa manifest\u00f3 p\u00fablicamente su acompa\u00f1amiento de trabajar para que Leandro Zdero sea el pr\u00f3ximo Gobernador y Jos\u00e9 Luis Maldonado, el pr\u00f3ximo Intendente de Fuerte Esperanza.<br \/>\nCorrea, agradeci\u00f3 \u201cla presencia de Zdero en la zona y su compromiso de independizar a Comandancia Fr\u00edas, que actualmente depende administrativamente de Fuerte Esperanza, como unas de las demandas de nuestros pobladores. Adem\u00e1s, creemos que tenemos una tierra rica para trabajar, pero lamentablemente olvidada y postergada por el actual estado provincial. Aqu\u00ed, la gente trabaja como \u201chacheros\u201d en el campo y es un sector que necesita de pol\u00edticas de acompa\u00f1amiento. Por eso, estamos convencidos y vamos a trabajar unidos para que Leandro Zdero sea nuestro gobernador y Jos\u00e9 Luis Maldonado, nuestro intendente, aqu\u00ed en Fuerte Esperanza\u201d.<\/div>\n","protected":false},"excerpt":{"rendered":"<p>Leandro Zdero, candidato a Gobernador de Juntos para el Cambio, sum\u00f3 el apoyo pol\u00edtico por parte del dirigente peronista, Rub\u00e9n \u201cEl Oso\u201d Correa en la localidad de Fuerte Esperanza y el acompa\u00f1amiento para Jos\u00e9 Luis Maldonado, como candidato a intendente local. Durante esta semana, en diversas actividades con vecinos y sectores, se encuentra Zdero llevando [&hellip;]<\/p>\n","protected":false},"author":1,"featured_media":25466,"comment_status":"closed","ping_status":"closed","sticky":false,"template":"","format":"standard","meta":{"footnotes":""},"categories":[6],"tags":[],"class_list":{"0":"post-25465","1":"post","2":"type-post","3":"status-publish","4":"format-standard","5":"has-post-thumbnail","7":"category-chaco"},"_links":{"self":[{"href":"https:\/\/chacosintesis.com.ar\/index.php\/wp-json\/wp\/v2\/posts\/25465","targetHints":{"allow":["GET"]}}],"collection":[{"href":"https:\/\/chacosintesis.com.ar\/index.php\/wp-json\/wp\/v2\/posts"}],"about":[{"href":"https:\/\/chacosintesis.com.ar\/index.php\/wp-json\/wp\/v2\/types\/post"}],"author":[{"embeddable":true,"href":"https:\/\/chacosintesis.com.ar\/index.php\/wp-json\/wp\/v2\/users\/1"}],"replies":[{"embeddable":true,"href":"https:\/\/chacosintesis.com.ar\/index.php\/wp-json\/wp\/v2\/comments?post=25465"}],"version-history":[{"count":0,"href":"https:\/\/chacosintesis.com.ar\/index.php\/wp-json\/wp\/v2\/posts\/25465\/revisions"}],"wp:featuredmedia":[{"embeddable":true,"href":"https:\/\/chacosintesis.com.ar\/index.php\/wp-json\/wp\/v2\/media\/25466"}],"wp:attachment":[{"href":"https:\/\/chacosintesis.com.ar\/index.php\/wp-json\/wp\/v2\/media?parent=25465"}],"wp:term":[{"taxonomy":"category","embeddable":true,"href":"https:\/\/chacosintesis.com.ar\/index.php\/wp-json\/wp\/v2\/categories?post=25465"},{"taxonomy":"post_tag","embeddable":true,"href":"https:\/\/chacosintesis.com.ar\/index.php\/wp-json\/wp\/v2\/tags?post=25465"}],"curies":[{"name":"wp","href":"https:\/\/api.w.org\/{rel}","templated":true}]}}