{"id":25457,"date":"2023-08-18T10:24:11","date_gmt":"2023-08-18T13:24:11","guid":{"rendered":"https:\/\/chacosintesis.com.ar\/?p=25457"},"modified":"2023-08-18T10:37:00","modified_gmt":"2023-08-18T13:37:00","slug":"sabado-19-agosto-este-ano-vuelve-invasion-del-amor-de-dios-a-resistencia","status":"publish","type":"post","link":"https:\/\/chacosintesis.com.ar\/index.php\/sabado-19-agosto-este-ano-vuelve-invasion-del-amor-de-dios-a-resistencia\/","title":{"rendered":"S\u00e1bado 19 agosto: este a\u00f1o vuelve Invasi\u00f3n del Amor de Dios a Resistencia"},"content":{"rendered":"<div class=\"postie-post\">Como hace 15 a\u00f1os, el proyect\u00f3 de oraci\u00f3n sale por toda la ciudad con el objetiv\u00f3 de traer bendiciones a las familias, a modo de presentaci\u00f3n p\u00fablica realizar\u00e1n una caravana de familias y del mismo modo en cada localidad.<br \/>\nLa concentraci\u00f3n se realizar\u00e1 este s\u00e1bado, desde las 9:00 horas, frente a Iglesia Cristiana Internacional en Avenida Edison 1250 para marchar llevando buenas noticias, por diferentes avenidas, realizando la primera parada en \u201cPlaza Espa\u00f1a\u201d, donde se dejar\u00e1n los veh\u00edculos, motos, bicicletas y seguidamente se realizar\u00e1 una caminata por la zona c\u00e9ntrica, culminando breve un acto en la Plaza &#8220;25 de Mayo&#8221;.<br \/>\nEl promotor de este proyecto que naci\u00f3 en la ciudad Resistencia, el pastor Jorge Ledesma dijo; \u201cEsto es una caravana de celebraci\u00f3n y como iglesia, nos encanta traer bendiciones para la ciudad, este proyecto que creemos que fue creado en el coraz\u00f3n de Dios, para todos los chaque\u00f1os y se realiza en m\u00e1s de 50 pa\u00edses en los cinco continentes\u201d, indicaba.<br \/>\nPreparados para 24 hs de Oraci\u00f3n: Miles de cristianos saldr\u00e1n a las calles a recolectar peticiones en sus respectivos lugares, para luego orar por ellas en la vigilia el 8 y 9 de Septiembre, tambi\u00e9n pueden completar la tarjeta virtual de petici\u00f3n ingresando a <a href=\"http:\/\/www.invasiondelamordedios.com\">www.invasiondelamordedios.com<\/a> o <a href=\"http:\/\/www.jorgeledesma.com\">www.jorgeledesma.com<\/a><\/div>\n","protected":false},"excerpt":{"rendered":"<p>Como hace 15 a\u00f1os, el proyect\u00f3 de oraci\u00f3n sale por toda la ciudad con el objetiv\u00f3 de traer bendiciones a las familias, a modo de presentaci\u00f3n p\u00fablica realizar\u00e1n una caravana de familias y del mismo modo en cada localidad. La concentraci\u00f3n se realizar\u00e1 este s\u00e1bado, desde las 9:00 horas, frente a Iglesia Cristiana Internacional en [&hellip;]<\/p>\n","protected":false},"author":1,"featured_media":25458,"comment_status":"closed","ping_status":"closed","sticky":false,"template":"","format":"standard","meta":{"footnotes":""},"categories":[6],"tags":[],"class_list":{"0":"post-25457","1":"post","2":"type-post","3":"status-publish","4":"format-standard","5":"has-post-thumbnail","7":"category-chaco"},"_links":{"self":[{"href":"https:\/\/chacosintesis.com.ar\/index.php\/wp-json\/wp\/v2\/posts\/25457","targetHints":{"allow":["GET"]}}],"collection":[{"href":"https:\/\/chacosintesis.com.ar\/index.php\/wp-json\/wp\/v2\/posts"}],"about":[{"href":"https:\/\/chacosintesis.com.ar\/index.php\/wp-json\/wp\/v2\/types\/post"}],"author":[{"embeddable":true,"href":"https:\/\/chacosintesis.com.ar\/index.php\/wp-json\/wp\/v2\/users\/1"}],"replies":[{"embeddable":true,"href":"https:\/\/chacosintesis.com.ar\/index.php\/wp-json\/wp\/v2\/comments?post=25457"}],"version-history":[{"count":0,"href":"https:\/\/chacosintesis.com.ar\/index.php\/wp-json\/wp\/v2\/posts\/25457\/revisions"}],"wp:featuredmedia":[{"embeddable":true,"href":"https:\/\/chacosintesis.com.ar\/index.php\/wp-json\/wp\/v2\/media\/25458"}],"wp:attachment":[{"href":"https:\/\/chacosintesis.com.ar\/index.php\/wp-json\/wp\/v2\/media?parent=25457"}],"wp:term":[{"taxonomy":"category","embeddable":true,"href":"https:\/\/chacosintesis.com.ar\/index.php\/wp-json\/wp\/v2\/categories?post=25457"},{"taxonomy":"post_tag","embeddable":true,"href":"https:\/\/chacosintesis.com.ar\/index.php\/wp-json\/wp\/v2\/tags?post=25457"}],"curies":[{"name":"wp","href":"https:\/\/api.w.org\/{rel}","templated":true}]}}