{"id":25443,"date":"2023-08-17T21:28:42","date_gmt":"2023-08-18T00:28:42","guid":{"rendered":"https:\/\/chacosintesis.com.ar\/?p=25443"},"modified":"2023-08-17T21:36:45","modified_gmt":"2023-08-18T00:36:45","slug":"este-fin-de-semana-se-corre-la-quinta-fecha-del-regional-de-motocross","status":"publish","type":"post","link":"https:\/\/chacosintesis.com.ar\/index.php\/este-fin-de-semana-se-corre-la-quinta-fecha-del-regional-de-motocross\/","title":{"rendered":"Este fin de semana se corre la quinta fecha del regional de motocross"},"content":{"rendered":"<div class=\"postie-post\">Con el apoyo del gobierno de Resistencia, este fin de semana se disputar\u00e1 la quinta fecha del Campeonato Interprovincial Regional NEA de Motocross. Ser\u00e1 el s\u00e1bado 19 y el domingo 20 en el circuito \u201cRancho Por\u00e1\u201d, ubicado en avenida Sarmiento, detr\u00e1s del shopping hom\u00f3nimo, a partir de las 9 y hasta las 18, con entrada libre y gratuita.<br \/>\nLa presentaci\u00f3n se realiz\u00f3 en la concesionaria Alem Automotores, que se sum\u00f3 al aporte para la organizaci\u00f3n de este evento tuerca donde corren los mejores pilotos de la zona en esta especialidad del motociclismo.<br \/>\nFederico Maza, subsecretario de Deportes municipal, indic\u00f3: \u201cResistencia crece con el deporte motor, este fin de semana habr\u00e1 competencias en el circuito Rancho Por\u00e1 con muchas categor\u00edas de todas las edades que siguen sum\u00e1ndose a este gran parque\u201d.<br \/>\nResalt\u00f3, adem\u00e1s, \u201cla sinergia entre lo p\u00fablico y privado que pregona Gustavo, como ser el trabajo con la fundaci\u00f3n Davis School y otras empresas que se agregan, tal el caso de Alem automotores, con los hermanos P\u00e9rtile, que provienen de una familia fierrera\u201d.<br \/>\nPor su parte, David Sona, organizador de las competencias, manifest\u00f3: \u201cEstamos trabajando mucho en la preparaci\u00f3n del circuito, sabemos que tenemos una gran convocatoria y queremos brindar una buena pista, con saltos, triples, mesetas\u201d.<br \/>\nMientras que el anfitri\u00f3n, Enrique Alem, felicit\u00f3 a David por esta competencia y \u201cporque siempre hace hincapi\u00e9 en seguridad, hay chicos de corta edad que arrancan en el motociclismo y deben conocer bien lo que manejan\u201d.<br \/>\nTambi\u00e9n reconoci\u00f3 el aporte municipal, diciendo: \u201cNunca tuvimos apoyo de nadie, por eso es muy bueno contar con el acompa\u00f1amiento del Intendente y ser\u00eda bueno que otras autoridades lo imiten\u201d.<\/p>\n<p><<a href=\"http:\/\/www.avg.com\/email-signature?utm_medium=email&#038;utm_source=link&#038;utm_campaign=sig-email&#038;utm_content=webmail\">www.avg.com\/email-signature?utm_medium=email&amp;utm_source=link&amp;utm_campaign=sig-email&amp;utm_content=webmail<\/a>> Libre de virus.www.avg.com <<a href=\"http:\/\/www.avg.com\/email-signature?utm_medium=email&#038;utm_source=link&#038;utm_campaign=sig-email&#038;utm_content=webmail\">www.avg.com\/email-signature?utm_medium=email&amp;utm_source=link&amp;utm_campaign=sig-email&amp;utm_content=webmail<\/a>> <#DAB4FAD8-2DD7-40BB-A1B8-4E2AA1F9FDF2><\/div>\n","protected":false},"excerpt":{"rendered":"<p>Con el apoyo del gobierno de Resistencia, este fin de semana se disputar\u00e1 la quinta fecha del Campeonato Interprovincial Regional NEA de Motocross. Ser\u00e1 el s\u00e1bado 19 y el domingo 20 en el circuito \u201cRancho Por\u00e1\u201d, ubicado en avenida Sarmiento, detr\u00e1s del shopping hom\u00f3nimo, a partir de las 9 y hasta las 18, con entrada [&hellip;]<\/p>\n","protected":false},"author":1,"featured_media":25444,"comment_status":"closed","ping_status":"closed","sticky":false,"template":"","format":"standard","meta":{"footnotes":""},"categories":[6],"tags":[],"class_list":{"0":"post-25443","1":"post","2":"type-post","3":"status-publish","4":"format-standard","5":"has-post-thumbnail","7":"category-chaco"},"_links":{"self":[{"href":"https:\/\/chacosintesis.com.ar\/index.php\/wp-json\/wp\/v2\/posts\/25443","targetHints":{"allow":["GET"]}}],"collection":[{"href":"https:\/\/chacosintesis.com.ar\/index.php\/wp-json\/wp\/v2\/posts"}],"about":[{"href":"https:\/\/chacosintesis.com.ar\/index.php\/wp-json\/wp\/v2\/types\/post"}],"author":[{"embeddable":true,"href":"https:\/\/chacosintesis.com.ar\/index.php\/wp-json\/wp\/v2\/users\/1"}],"replies":[{"embeddable":true,"href":"https:\/\/chacosintesis.com.ar\/index.php\/wp-json\/wp\/v2\/comments?post=25443"}],"version-history":[{"count":0,"href":"https:\/\/chacosintesis.com.ar\/index.php\/wp-json\/wp\/v2\/posts\/25443\/revisions"}],"wp:featuredmedia":[{"embeddable":true,"href":"https:\/\/chacosintesis.com.ar\/index.php\/wp-json\/wp\/v2\/media\/25444"}],"wp:attachment":[{"href":"https:\/\/chacosintesis.com.ar\/index.php\/wp-json\/wp\/v2\/media?parent=25443"}],"wp:term":[{"taxonomy":"category","embeddable":true,"href":"https:\/\/chacosintesis.com.ar\/index.php\/wp-json\/wp\/v2\/categories?post=25443"},{"taxonomy":"post_tag","embeddable":true,"href":"https:\/\/chacosintesis.com.ar\/index.php\/wp-json\/wp\/v2\/tags?post=25443"}],"curies":[{"name":"wp","href":"https:\/\/api.w.org\/{rel}","templated":true}]}}