{"id":25435,"date":"2023-08-17T19:29:21","date_gmt":"2023-08-17T22:29:21","guid":{"rendered":"https:\/\/chacosintesis.com.ar\/?p=25435"},"modified":"2023-08-17T19:37:30","modified_gmt":"2023-08-17T22:37:30","slug":"capitanich-san-martin-demostro-la-mayor-conviccion-en-defensa-de-la-democracia-y-la-libertad","status":"publish","type":"post","link":"https:\/\/chacosintesis.com.ar\/index.php\/capitanich-san-martin-demostro-la-mayor-conviccion-en-defensa-de-la-democracia-y-la-libertad\/","title":{"rendered":"Capitanich: \u201cSan Mart\u00edn demostr\u00f3 la mayor convicci\u00f3n en defensa de la democracia y la libertad&#8221;"},"content":{"rendered":"<div class=\"postie-post\">En la localidad que lleva el nombre del padre de la Patria, el gobernador conmemor\u00f3 el 173\u00b0 aniversario del pase a la inmortalidad del general Jos\u00e9 de San Mart\u00edn, con una reflexi\u00f3n sobre la figura del pr\u00f3cer y su protagonismo hist\u00f3rico como motivaci\u00f3n para superar \u201centre todos\u201d las vicisitudes del presente nacional.<br \/>\nEn la localidad de General San Mart\u00edn, el gobernador Jorge Capitanich particip\u00f3 del acto oficial de conmemoraci\u00f3n del 173\u00b0 aniversario del paso a la inmortalidad del Padre de la Patria. \u201cSan Mart\u00edn demostr\u00f3 la mayor convicci\u00f3n en defensa de la democracia y la libertad\u201d, remarc\u00f3 el mandatario<br \/>\nDurante su discurso, caracterizado por una fuerte impronta hist\u00f3rica, analiz\u00f3 y defini\u00f3 a San Mart\u00edn como \u201chijo del Norte Grande Argentino\u201d y \u201cprohombre de la historia que tuvo la capacidad de ejercicio de liderazgo pol\u00edtico y militar en una circunstancia muy particular del mundo y tambi\u00e9n de nuestra patria\u201d, expres\u00f3, acompa\u00f1ado por la vicegobernadora Anal\u00eda Rach Quiroga y el intendente Mauro Leiva.<br \/>\n\u201cSan Mart\u00edn es hijo de los cimientos m\u00e1s profundos de nuestra patria, es hijo tambi\u00e9n y valeroso l\u00edder militar que comparti\u00f3 con nuestros combatientes de Malvinas ofrendar la vida en defensa de los intereses de nuestra patria\u201d, continu\u00f3 Capitanich, realizando la analog\u00eda de or\u00edgenes de Manuel Belgrano y Mart\u00edn Miguel de G\u00fcemes y refiri\u00e9ndose a su innegable protagonismo en los procesos revolucionarios e independentistas de Chile, Per\u00fa y Argentina.<br \/>\n\u201cSan Mart\u00edn no represent\u00f3 solamente al gobierno patrio de nuestro pa\u00eds, represent\u00f3 efectivamente una epopeya de car\u00e1cter continental\u201d, subray\u00f3 Capitanich, destacando su \u201cfina sensibilidad social\u201d y \u201csu impronta de representaci\u00f3n popular\u201d. \u201cFue l\u00edder militar y tambi\u00e9n pol\u00edtico, 10 a\u00f1os le bastaron para liberar tres pa\u00edses. Vaya si no es una figura emblem\u00e1tica para recordar, defender y valorar\u201d, resalt\u00f3 el mandatario, traspolando finalmente el an\u00e1lisis de su figura e importancia al presente pol\u00edtico del pa\u00eds.<br \/>\n\u201cEs importante, en estos momentos en donde existen ciertas dificultades que deberemos superar entre todos recordar que nuestra patria super\u00f3 las invasiones inglesas, los embates hasta lograr la Revoluci\u00f3n de Mayo, la declaraci\u00f3n de Independencia, las vicisitudes de 1853, y tardamos 70 a\u00f1os para la organizaci\u00f3n nacional, pero siempre nos inspiramos en los principios esenciales de la democracia, de la libertad, de la independencia, de la soberan\u00eda y de la justicia social\u201d, sostuvo Capitanich.<br \/>\nFinalmente, consider\u00f3 que los procesos patrios \u201csintetizan y representan en la memoria colectiva de nuestro pueblo, con actos de hero\u00edsmo, coraje, y valent\u00eda, y de convicci\u00f3n. Nada es posible lograr si no es con convicci\u00f3n, con ejercicio pleno del respeto a las ideas del otro, pero sobre todo con la profunda vocaci\u00f3n de servir a los intereses de nuestra patria\u201d, sintetiz\u00f3 Capitanich.<br \/>\nEl acto y discursos oficiales dieron inicio tras el izamiento de la Bandera Nacional a media asta, en la Plaza Central, y la colocaci\u00f3n de la tradicional ofrenda floral en el monumento al General Jos\u00e9 de San Mart\u00edn. Se entonaron las estrofas del Himno Nacional Argentino y tuvo lugar una invocaci\u00f3n religiosa.<br \/>\nParticiparon del acto el ministro de Educaci\u00f3n, Aldo Lineras; el diputado Nacional, Aldo Leiva; la presidenta del Instituto de Colonizaci\u00f3n, Sheina Waicman; la presidenta del Superior Tribunal de Justicia, Iride Isabel Mar\u00eda Grillo; el vocal de SAMEEP, C\u00e9sar Frugoni; el intendente de Ciervo Petiso, Ram\u00f3n Alderete; el representante de la Asociaci\u00f3n Cultural Sanmartiniana, Alejandro Silvestri; presidenta del Concejo Municipal, Mar\u00eda Silvana Cabrera; fuerzas de seguridad provinciales y nacionales; representantes eclesi\u00e1sticos y de institutos educativos de la localidad, vecinas y vecinos.<\/p>\n<p>Leiva: \u201cHoy es tiempo de defender nuestra patria\u201d<\/p>\n<p>A su turno, el intendente local, Mauro Leiva reflexion\u00f3: \u201cPensar en esa vida de sacrificio y resignaci\u00f3n que ha tenido San Mart\u00edn, producto de entender que hab\u00eda un bien com\u00fan que buscar, que era consagrar la Independencia, y generar las bases para que nuestra Naci\u00f3n de sus primeros pasos, es muy importante\u201d.<br \/>\nAdem\u00e1s, Leiva reafirm\u00f3 la importancia de \u201cdefender nuestros derechos, conquistas sociales que tanto nos costaron, como la educaci\u00f3n y salud p\u00fablica. Hoy es tiempo de defender nuestra patria, es tiempo de unidad, de trabajar juntos por el futuro que nos merecemos\u201d.<br \/>\nPor su parte, Alejandro Silvestri, de la Comisi\u00f3n Cultural Sanmartiniana desarroll\u00f3 una semblanza de la figura del General San Mart\u00edn, de la g\u00e9nesis de aquel ni\u00f1o que el 25 de febrero de 1778, nac\u00eda en Santa Mar\u00eda de los Reyes Magos de Yapey\u00fa. De aquel ni\u00f1o destinado \u201ca forjar la grandeza de Am\u00e9rica, quien fue l\u00edder por antonomasia, por hero\u00edsmo y por valent\u00eda suprema en combate, reconocido por el ej\u00e9rcito espa\u00f1ol por su capacidad en el campo de batalla y sus dotes innatas de estrategas\u201d.<br \/>\nDe ese modo, Silvestri resumi\u00f3 al general como: \u201cSanto de la espada con jerarqu\u00eda universal, por eso tiene su estatua en todos los pueblos de Am\u00e9rica y en muchos del viejo continente\u201d. \u201cPadre de la patria, patrono de las armas que ense\u00f1\u00f3 el camino de los libres, Tu ejemplo y tu ense\u00f1anza nos marca una luz de esperanza para una Argentina mejor y para nuestro presente y el futuro de nuestros hijos\u201d, expres\u00f3, agradeciendo as\u00ed el legado de San Mart\u00edn.<\/p>\n<p><<a href=\"http:\/\/www.avg.com\/email-signature?utm_medium=email&#038;utm_source=link&#038;utm_campaign=sig-email&#038;utm_content=webmail\">www.avg.com\/email-signature?utm_medium=email&amp;utm_source=link&amp;utm_campaign=sig-email&amp;utm_content=webmail<\/a>> Libre de virus.www.avg.com <<a href=\"http:\/\/www.avg.com\/email-signature?utm_medium=email&#038;utm_source=link&#038;utm_campaign=sig-email&#038;utm_content=webmail\">www.avg.com\/email-signature?utm_medium=email&amp;utm_source=link&amp;utm_campaign=sig-email&amp;utm_content=webmail<\/a>> <#DAB4FAD8-2DD7-40BB-A1B8-4E2AA1F9FDF2><\/div>\n","protected":false},"excerpt":{"rendered":"<p>En la localidad que lleva el nombre del padre de la Patria, el gobernador conmemor\u00f3 el 173\u00b0 aniversario del pase a la inmortalidad del general Jos\u00e9 de San Mart\u00edn, con una reflexi\u00f3n sobre la figura del pr\u00f3cer y su protagonismo hist\u00f3rico como motivaci\u00f3n para superar \u201centre todos\u201d las vicisitudes del presente nacional. En la localidad [&hellip;]<\/p>\n","protected":false},"author":1,"featured_media":25436,"comment_status":"closed","ping_status":"closed","sticky":false,"template":"","format":"standard","meta":{"footnotes":""},"categories":[6],"tags":[],"class_list":{"0":"post-25435","1":"post","2":"type-post","3":"status-publish","4":"format-standard","5":"has-post-thumbnail","7":"category-chaco"},"_links":{"self":[{"href":"https:\/\/chacosintesis.com.ar\/index.php\/wp-json\/wp\/v2\/posts\/25435","targetHints":{"allow":["GET"]}}],"collection":[{"href":"https:\/\/chacosintesis.com.ar\/index.php\/wp-json\/wp\/v2\/posts"}],"about":[{"href":"https:\/\/chacosintesis.com.ar\/index.php\/wp-json\/wp\/v2\/types\/post"}],"author":[{"embeddable":true,"href":"https:\/\/chacosintesis.com.ar\/index.php\/wp-json\/wp\/v2\/users\/1"}],"replies":[{"embeddable":true,"href":"https:\/\/chacosintesis.com.ar\/index.php\/wp-json\/wp\/v2\/comments?post=25435"}],"version-history":[{"count":0,"href":"https:\/\/chacosintesis.com.ar\/index.php\/wp-json\/wp\/v2\/posts\/25435\/revisions"}],"wp:featuredmedia":[{"embeddable":true,"href":"https:\/\/chacosintesis.com.ar\/index.php\/wp-json\/wp\/v2\/media\/25436"}],"wp:attachment":[{"href":"https:\/\/chacosintesis.com.ar\/index.php\/wp-json\/wp\/v2\/media?parent=25435"}],"wp:term":[{"taxonomy":"category","embeddable":true,"href":"https:\/\/chacosintesis.com.ar\/index.php\/wp-json\/wp\/v2\/categories?post=25435"},{"taxonomy":"post_tag","embeddable":true,"href":"https:\/\/chacosintesis.com.ar\/index.php\/wp-json\/wp\/v2\/tags?post=25435"}],"curies":[{"name":"wp","href":"https:\/\/api.w.org\/{rel}","templated":true}]}}