{"id":25431,"date":"2023-08-17T19:23:16","date_gmt":"2023-08-17T22:23:16","guid":{"rendered":"https:\/\/chacosintesis.com.ar\/?p=25431"},"modified":"2023-08-17T19:37:16","modified_gmt":"2023-08-17T22:37:16","slug":"siete-proyectos-chaquenos-seleccionados-para-viajar-al-encuentro-nacional-de-formacion-cultural","status":"publish","type":"post","link":"https:\/\/chacosintesis.com.ar\/index.php\/siete-proyectos-chaquenos-seleccionados-para-viajar-al-encuentro-nacional-de-formacion-cultural\/","title":{"rendered":"Siete proyectos chaque\u00f1os seleccionados para viajar al Encuentro Nacional de Formacio\u0301n Cultural"},"content":{"rendered":"<div class=\"postie-post\">Son parte de los 200 beneficiarios de todo el pa\u00eds de las tres convocatorias del programa Gestionar Futuro, que fueron seleccionados para participar del Encuentro Nacional de Formaci\u00f3n Cultural. Las becas contemplan pasajes y alojamiento.<br \/>\nGestores y gestoras de todo el pa\u00eds, beneficiarios de las tres convocatorias del programa Gestionar Futuro, que lleva adelante la Secretar\u00eda de Gesti\u00f3n Cultural del Ministerio de Cultura de la Naci\u00f3n, viajar\u00e1n a la Ciudad Aut\u00f3noma de Buenos Aires para participar del Encuentro Nacional de Formacio\u0301n Cultural a realizarse el 4 y 5 de septiembre en el Centro Cultural Kirchner.<br \/>\nLas y los chaque\u00f1os seleccionados son: Monica Graciela Pradier, de Saenz Pe\u00f1a; Carlos Eves Pedroso, de Barranqueras; Natay Etai Collet, de Castelli; Ricardo Rodr\u00edguez, Tamara Godoy langue, Alexis Juan Alejandro Meister, Maria Itati Cabral y Mariel Liva, de Resistencia.<br \/>\nDurante las jornadas se propiciar\u00e1 un espacio de encuentro para la construccio\u0301n de redes y toda actividad que estimule la circulacio\u0301n de saberes y permita imaginar nuevos modos de formarse en cultura, generando vi\u0301nculos institucionales y territoriales. Se tratara\u0301n temas vinculados a la formacio\u0301n y democracia, perspectiva de ge\u0301nero, accesibilidad, interseccionalidad y la concepcio\u0301n federal y territorial de sus acciones.<br \/>\nLa selecci\u00f3n estuvo a cargo de un comit\u00e9 evaluador, conformado por dos representantes del Ministerio,  de Cultura de la Naci\u00f3n y una gestora cultural de amplia trayectoria: Eliana Zanini, jefa de Gabinete de la Secretar\u00eda de Gesti\u00f3n Cultural y directora de Integraci\u00f3n Program\u00e1tica de la Secretar\u00eda de Gesti\u00f3n Cultural (representante del Ministerio de Cultura); Juan Manuel Aranovich, director nacional de Formaci\u00f3n Cultural de la Secretar\u00eda de Gesti\u00f3n Cultural (representante del Ministerio de Cultura), y Marina Garc\u00eda Barros, gestora cultural y directora acad\u00e9mica de la Diplomatura en Gesti\u00f3n de Proyectos Culturales para el Desarrollo en Comunidad y de la Diplomatura Binacional en Teatro para la Ni\u00f1ez y Adolescencia Argentina-M\u00e9xico.<\/p>\n<p><<a href=\"http:\/\/www.avg.com\/email-signature?utm_medium=email&#038;utm_source=link&#038;utm_campaign=sig-email&#038;utm_content=webmail\">www.avg.com\/email-signature?utm_medium=email&amp;utm_source=link&amp;utm_campaign=sig-email&amp;utm_content=webmail<\/a>> Libre de virus.www.avg.com <<a href=\"http:\/\/www.avg.com\/email-signature?utm_medium=email&#038;utm_source=link&#038;utm_campaign=sig-email&#038;utm_content=webmail\">www.avg.com\/email-signature?utm_medium=email&amp;utm_source=link&amp;utm_campaign=sig-email&amp;utm_content=webmail<\/a>> <#DAB4FAD8-2DD7-40BB-A1B8-4E2AA1F9FDF2><\/div>\n","protected":false},"excerpt":{"rendered":"<p>Son parte de los 200 beneficiarios de todo el pa\u00eds de las tres convocatorias del programa Gestionar Futuro, que fueron seleccionados para participar del Encuentro Nacional de Formaci\u00f3n Cultural. Las becas contemplan pasajes y alojamiento. Gestores y gestoras de todo el pa\u00eds, beneficiarios de las tres convocatorias del programa Gestionar Futuro, que lleva adelante la [&hellip;]<\/p>\n","protected":false},"author":1,"featured_media":25432,"comment_status":"closed","ping_status":"closed","sticky":false,"template":"","format":"standard","meta":{"footnotes":""},"categories":[6],"tags":[],"class_list":{"0":"post-25431","1":"post","2":"type-post","3":"status-publish","4":"format-standard","5":"has-post-thumbnail","7":"category-chaco"},"_links":{"self":[{"href":"https:\/\/chacosintesis.com.ar\/index.php\/wp-json\/wp\/v2\/posts\/25431","targetHints":{"allow":["GET"]}}],"collection":[{"href":"https:\/\/chacosintesis.com.ar\/index.php\/wp-json\/wp\/v2\/posts"}],"about":[{"href":"https:\/\/chacosintesis.com.ar\/index.php\/wp-json\/wp\/v2\/types\/post"}],"author":[{"embeddable":true,"href":"https:\/\/chacosintesis.com.ar\/index.php\/wp-json\/wp\/v2\/users\/1"}],"replies":[{"embeddable":true,"href":"https:\/\/chacosintesis.com.ar\/index.php\/wp-json\/wp\/v2\/comments?post=25431"}],"version-history":[{"count":0,"href":"https:\/\/chacosintesis.com.ar\/index.php\/wp-json\/wp\/v2\/posts\/25431\/revisions"}],"wp:featuredmedia":[{"embeddable":true,"href":"https:\/\/chacosintesis.com.ar\/index.php\/wp-json\/wp\/v2\/media\/25432"}],"wp:attachment":[{"href":"https:\/\/chacosintesis.com.ar\/index.php\/wp-json\/wp\/v2\/media?parent=25431"}],"wp:term":[{"taxonomy":"category","embeddable":true,"href":"https:\/\/chacosintesis.com.ar\/index.php\/wp-json\/wp\/v2\/categories?post=25431"},{"taxonomy":"post_tag","embeddable":true,"href":"https:\/\/chacosintesis.com.ar\/index.php\/wp-json\/wp\/v2\/tags?post=25431"}],"curies":[{"name":"wp","href":"https:\/\/api.w.org\/{rel}","templated":true}]}}