{"id":25427,"date":"2023-08-17T19:17:51","date_gmt":"2023-08-17T22:17:51","guid":{"rendered":"https:\/\/chacosintesis.com.ar\/?p=25427"},"modified":"2023-08-17T19:37:06","modified_gmt":"2023-08-17T22:37:06","slug":"este-viernes-culmina-la-inscripcion-a-los-cursos-de-profesionalizacion-gastronomica","status":"publish","type":"post","link":"https:\/\/chacosintesis.com.ar\/index.php\/este-viernes-culmina-la-inscripcion-a-los-cursos-de-profesionalizacion-gastronomica\/","title":{"rendered":"Este viernes culmina la inscripci\u00f3n a los cursos de profesionalizaci\u00f3n gastron\u00f3mica"},"content":{"rendered":"<div class=\"postie-post\">El inicio de las capacitaciones, es a partir del 22 de agosto del 2023, en la sede de UP, calle Mitre 198, Resistencia.<br \/>\nEl Ministerio de Desarrollo Social recuerda que este viernes es el \u00faltimo d\u00eda de inscripci\u00f3n a los cursos de profesionalizaci\u00f3n del sector gastron\u00f3mico. Hasta este 18 de agosto est\u00e1 habilitada la inscripci\u00f3n virtual y las clases comienzan el 22.<br \/>\nEn virtud del convenio celebrado entre Ministerio de Desarrollo Social Chaco y la Universidad Popular, se posibilitan los cursos te\u00f3ricos-pr\u00e1cticos para formarse como: mozo\/a, camarero\/a profesional, gastronom\u00eda, barman y bartender.<br \/>\nEl link de inscripci\u00f3n es <a href=\"https:\/\/wk.ar\/Az2\">wk.ar\/Az2<\/a><br \/>\nEl inicio de las capacitaciones, es a partir del 22 de agosto del 2023, en la sede de UP, calle Mitre 198, Resistencia.<br \/>\n\u201cLos cursos son subsidiados por Chaco Gobierno de Todos, cada uno de ellos tiene un cupo de 25 alumnos\/alumnas, priorizando a quienes se encuentran trabajando dentro del Sector Gastron\u00f3mico\u201d, aclararon desde la cartera.<br \/>\n<<a href=\"http:\/\/www.avg.com\/email-signature?utm_medium=email&#038;utm_source=link&#038;utm_campaign=sig-email&#038;utm_content=webmail\">www.avg.com\/email-signature?utm_medium=email&amp;utm_source=link&amp;utm_campaign=sig-email&amp;utm_content=webmail<\/a>> Libre de virus.www.avg.com <<a href=\"http:\/\/www.avg.com\/email-signature?utm_medium=email&#038;utm_source=link&#038;utm_campaign=sig-email&#038;utm_content=webmail\">www.avg.com\/email-signature?utm_medium=email&amp;utm_source=link&amp;utm_campaign=sig-email&amp;utm_content=webmail<\/a>> <#DAB4FAD8-2DD7-40BB-A1B8-4E2AA1F9FDF2><\/div>\n","protected":false},"excerpt":{"rendered":"<p>El inicio de las capacitaciones, es a partir del 22 de agosto del 2023, en la sede de UP, calle Mitre 198, Resistencia. El Ministerio de Desarrollo Social recuerda que este viernes es el \u00faltimo d\u00eda de inscripci\u00f3n a los cursos de profesionalizaci\u00f3n del sector gastron\u00f3mico. Hasta este 18 de agosto est\u00e1 habilitada la inscripci\u00f3n [&hellip;]<\/p>\n","protected":false},"author":1,"featured_media":25428,"comment_status":"closed","ping_status":"closed","sticky":false,"template":"","format":"standard","meta":{"footnotes":""},"categories":[6],"tags":[],"class_list":{"0":"post-25427","1":"post","2":"type-post","3":"status-publish","4":"format-standard","5":"has-post-thumbnail","7":"category-chaco"},"_links":{"self":[{"href":"https:\/\/chacosintesis.com.ar\/index.php\/wp-json\/wp\/v2\/posts\/25427","targetHints":{"allow":["GET"]}}],"collection":[{"href":"https:\/\/chacosintesis.com.ar\/index.php\/wp-json\/wp\/v2\/posts"}],"about":[{"href":"https:\/\/chacosintesis.com.ar\/index.php\/wp-json\/wp\/v2\/types\/post"}],"author":[{"embeddable":true,"href":"https:\/\/chacosintesis.com.ar\/index.php\/wp-json\/wp\/v2\/users\/1"}],"replies":[{"embeddable":true,"href":"https:\/\/chacosintesis.com.ar\/index.php\/wp-json\/wp\/v2\/comments?post=25427"}],"version-history":[{"count":0,"href":"https:\/\/chacosintesis.com.ar\/index.php\/wp-json\/wp\/v2\/posts\/25427\/revisions"}],"wp:featuredmedia":[{"embeddable":true,"href":"https:\/\/chacosintesis.com.ar\/index.php\/wp-json\/wp\/v2\/media\/25428"}],"wp:attachment":[{"href":"https:\/\/chacosintesis.com.ar\/index.php\/wp-json\/wp\/v2\/media?parent=25427"}],"wp:term":[{"taxonomy":"category","embeddable":true,"href":"https:\/\/chacosintesis.com.ar\/index.php\/wp-json\/wp\/v2\/categories?post=25427"},{"taxonomy":"post_tag","embeddable":true,"href":"https:\/\/chacosintesis.com.ar\/index.php\/wp-json\/wp\/v2\/tags?post=25427"}],"curies":[{"name":"wp","href":"https:\/\/api.w.org\/{rel}","templated":true}]}}