{"id":25397,"date":"2023-08-17T15:41:40","date_gmt":"2023-08-17T18:41:40","guid":{"rendered":"https:\/\/chacosintesis.com.ar\/?p=25397"},"modified":"2023-08-17T16:06:39","modified_gmt":"2023-08-17T19:06:39","slug":"el-gobierno-provincial-anuncio-un-aumento-salarial-extraordinario-del-20-para-trabajadoras-trabajadores-y-jubilados-de-la-administracion-publica","status":"publish","type":"post","link":"https:\/\/chacosintesis.com.ar\/index.php\/el-gobierno-provincial-anuncio-un-aumento-salarial-extraordinario-del-20-para-trabajadoras-trabajadores-y-jubilados-de-la-administracion-publica\/","title":{"rendered":"El Gobierno Provincial anunci\u00f3 un aumento salarial extraordinario del 20 % para trabajadoras, trabajadores y jubilados de la Administraci\u00f3n P\u00fablica"},"content":{"rendered":"<div class=\"postie-post\">Capitanich anunci\u00f3 que se otorgar\u00e1 un aumento del 20 % compuesto por un incremento del 8 % en agosto acumulativo y un 12 % en concepto de pauta salarial a pagarse en octubre. \u201cNuestro objetivo es cumplir con el compromiso adquirido con los trabajadores y trabajadoras para que los salarios le ganen a la inflaci\u00f3n\u201d, dijo el gobernador.<\/p>\n<p>El gobernador Jorge Capitanich,  junto a la vicegobernadora Anal\u00eda Rach Quiroga y el ministro de Planificaci\u00f3n, Econom\u00eda e Infraestructura, Santiago Perez Pons, anunci\u00f3 este  jueves un aumento salarial extraordinario para trabajadoras, trabajadores y jubilados de la Administraci\u00f3n P\u00fablica. Se otorgar\u00e1 un aumento del 20 % compuesto por un incremento del 8 % en agosto acumulativo y un 12 % en concepto de pauta salarial a pagarse en octubre.<br \/>\nCapitanich explic\u00f3 que este incremento del 20% alcanza a trabajadoras y trabajadores de la Administraci\u00f3n Central,  a la Polic\u00eda de la Provincia del Chaco, al Servicio Penitenciario, a los tres poderes del Estado, ( Poder Ejecutivo, Poder Legislativo y Poder Judicial).<br \/>\nEl gobernador se\u00f1al\u00f3 que este aumento del 20% se divide en 8% para el mes de agosto y 12% para el mes de octubre.<br \/>\n\u201cNuestro objetivo con esta medida es cumplir con el compromiso adquirido con los trabajadores y trabajadoras para que los salarios le ganen a la inflaci\u00f3n con un 70% de aumento m\u00ednimo garantizando hasta el mes de agosto para los trabajadores y trabajadoras y jubilados y jubilados\u201d dijo el gobernador..<br \/>\nEn este sentido, agreg\u00f3, que seg\u00fan  la medici\u00f3n de la inflaci\u00f3n del INDEC en forma acumulativa 59, 2% hacia el mes de julio. \u201cPor lo tanto la previsi\u00f3n realizada es que efectivamente este aumento  va a permitir siempre sostener la pol\u00edtica salarial por encima de la pauta inflacionaria\u201d, se\u00f1al\u00f3.<br \/>\nEl aumento salarial para el personal sanitario, tambi\u00e9n contempla este 20% ser\u00e1 extensivo en la base de c\u00e1lculo de las bonificaciones . En tanto el aumento salarial docente implica que en agosto tambi\u00e9n percibir\u00e1n el incremento del 8% en virtud de  un adelantamiento en la cl\u00e1usula gatillo, lo cual implica 72, 4% de acumulaci\u00f3n de suba salarial durante el transcurso de este ejercicio fiscal.<\/p>\n<p> Pol\u00edtica salarial expansiva<\/p>\n<p>Capitanich resalt\u00f3 que este nuevo incremento otorgado por el gobierno provincial se encuentra en relaci\u00f3n directa con la pol\u00edtica expansiva aplicada desde el punto de vista salarial.<br \/>\nY adelant\u00f3 que ma\u00f1ana (18 de agosto) se estar\u00e1 liquidando el refrigerio para toda la administraci\u00f3n p\u00fablica.<br \/>\nEn esta l\u00ednea anunci\u00f3 que el pago de haberes se realizar\u00e1 para los haberes jubilatorios, para el personal pasivo, el d\u00eda 29 de agosto y el d\u00eda mi\u00e9rcoles 30 de agosto para el personal activo.<br \/>\n\u201cDe manera tal de que nosotros estamos cumpliendo, primero con una pauta salarial por encima de la inflaci\u00f3n, en segundo lugar con una fina y especial sensibilidad desde el punto de vista de la amortizaci\u00f3n de los haberes jubilatorios y salarios antes de la expiraci\u00f3n de cada mes\u201d, dijo el mandatario.<\/p>\n<p>Medidas estructurales para proteger el salario y el ingreso de los chaque\u00f1os<\/p>\n<p>Capitanich record\u00f3 tambi\u00e9n que el paquete de medidas estructurales, que se lanz\u00f3 desde el gobierno provincial, como las promociones e incentivos para el Mes de las Infancias con una serie de rubros a partir del cual los consumidores pueden tener  hasta 7.000 pesos de reintegro y 40% de descuentos.<br \/>\nTambi\u00e9n se estableci\u00f3 una estrategia de ahorro con los Superd\u00edas, que establece para martes, mi\u00e9rcoles y jueves, respecto al 30% de descuento en farmacia los d\u00edas martes, 50% para la adquisici\u00f3n de otros bienes los d\u00edas mi\u00e9rcoles, de mercanc\u00edas y obviamente tambi\u00e9n para jubilados los d\u00edas jueves.<br \/>\n\u201c En ese contexto, martes, mi\u00e9rcoles y jueves de este mes de agosto y tambi\u00e9n  en el mes de septiembre, pasamos nuestra pol\u00edtica en mejorar el poder adquisitivo del salario de los trabajadores y trabajadoras, pero tambi\u00e9n el ingreso a las familias de aquellos que perciben otro tipo de remuneraciones. Es decir, esto se inscribe tambi\u00e9n en parte de una pol\u00edtica de acuerdo de precios con el objeto de buscar el m\u00e1ximo nivel de protecci\u00f3n del salario y del ingreso de las familias chaque\u00f1as\u201d, dijo.<br \/>\n\u201cEstamos haciendo un gran esfuerzo para atravesar las dificultades\u201d<br \/>\n \u201cAdmitimos que las dificultades son muchas. Que estamos atravesando un momento excepcional de inestabilidad producto de la devaluaci\u00f3n y el acuerdo con el Fondo Monetario Internacional que Argentina hered\u00f3 y que esta Administraci\u00f3n hered\u00f3 de Mauricio Macri. Pero estamos haciendo  el m\u00e1ximo esfuerzo con las limitadas herramientas que tenemos en el Estado provincial para tratar de morigerar el impacto negativo hacia el pueblo trabajador y tambi\u00e9n hacia las familias chaque\u00f1as\u201d dijo el gobernador.<br \/>\n\u201cHacemos un gran esfuerzo con mucha creatividad administrando muy bien los recursos y logrando efectivamente cumplir con estos objetivos y metas\u201d, se\u00f1al\u00f3.<\/p><\/div>\n","protected":false},"excerpt":{"rendered":"<p>Capitanich anunci\u00f3 que se otorgar\u00e1 un aumento del 20 % compuesto por un incremento del 8 % en agosto acumulativo y un 12 % en concepto de pauta salarial a pagarse en octubre. \u201cNuestro objetivo es cumplir con el compromiso adquirido con los trabajadores y trabajadoras para que los salarios le ganen a la inflaci\u00f3n\u201d, [&hellip;]<\/p>\n","protected":false},"author":1,"featured_media":25398,"comment_status":"closed","ping_status":"closed","sticky":false,"template":"","format":"standard","meta":{"footnotes":""},"categories":[6],"tags":[],"class_list":{"0":"post-25397","1":"post","2":"type-post","3":"status-publish","4":"format-standard","5":"has-post-thumbnail","7":"category-chaco"},"_links":{"self":[{"href":"https:\/\/chacosintesis.com.ar\/index.php\/wp-json\/wp\/v2\/posts\/25397","targetHints":{"allow":["GET"]}}],"collection":[{"href":"https:\/\/chacosintesis.com.ar\/index.php\/wp-json\/wp\/v2\/posts"}],"about":[{"href":"https:\/\/chacosintesis.com.ar\/index.php\/wp-json\/wp\/v2\/types\/post"}],"author":[{"embeddable":true,"href":"https:\/\/chacosintesis.com.ar\/index.php\/wp-json\/wp\/v2\/users\/1"}],"replies":[{"embeddable":true,"href":"https:\/\/chacosintesis.com.ar\/index.php\/wp-json\/wp\/v2\/comments?post=25397"}],"version-history":[{"count":0,"href":"https:\/\/chacosintesis.com.ar\/index.php\/wp-json\/wp\/v2\/posts\/25397\/revisions"}],"wp:featuredmedia":[{"embeddable":true,"href":"https:\/\/chacosintesis.com.ar\/index.php\/wp-json\/wp\/v2\/media\/25398"}],"wp:attachment":[{"href":"https:\/\/chacosintesis.com.ar\/index.php\/wp-json\/wp\/v2\/media?parent=25397"}],"wp:term":[{"taxonomy":"category","embeddable":true,"href":"https:\/\/chacosintesis.com.ar\/index.php\/wp-json\/wp\/v2\/categories?post=25397"},{"taxonomy":"post_tag","embeddable":true,"href":"https:\/\/chacosintesis.com.ar\/index.php\/wp-json\/wp\/v2\/tags?post=25397"}],"curies":[{"name":"wp","href":"https:\/\/api.w.org\/{rel}","templated":true}]}}