{"id":25393,"date":"2023-08-17T15:36:22","date_gmt":"2023-08-17T18:36:22","guid":{"rendered":"https:\/\/chacosintesis.com.ar\/?p=25393"},"modified":"2023-08-17T15:40:29","modified_gmt":"2023-08-17T18:40:29","slug":"el-gobierno-presento-el-proyecto-de-mejora-de-conectividad-entre-chaco-y-corrientes","status":"publish","type":"post","link":"https:\/\/chacosintesis.com.ar\/index.php\/el-gobierno-presento-el-proyecto-de-mejora-de-conectividad-entre-chaco-y-corrientes\/","title":{"rendered":"El Gobierno present\u00f3 el Proyecto de Mejora de Conectividad entre Chaco y Corrientes"},"content":{"rendered":"<div class=\"postie-post\">Se trata de las \u00faltimas instancias de intercambio y exposici\u00f3n entre las partes interesadas, para evaluar el financiamiento para la obra.<\/p>\n<p>Esta ma\u00f1ana, el gobernador Jorge Milton Capitanich, junto a la vicegobernadora Anal\u00eda Rach Quiroga; la jefa de Distrito 18\u00b0 y el jefe del Distrito 10\u00b0 de Vialidad Nacional, Alejandra Vilela y Daniel Flores, respectivamente, y el subadministrador de Vialidad Provincial, Alberto Navarro, encabezaron el espacio de participaci\u00f3n a trav\u00e9s del cual se present\u00f3 el Proyecto de Mejora de Conectividad Chaco Corrientes: Nuevo Puente sobre el R\u00edo Paran\u00e1.<br \/>\nSe trata de las \u00faltimas instancias de intercambio y exposici\u00f3n entre las partes interesadas que solicita el Banco Interamericano de Desarrollo (BID) para evaluar si otorga el financiamiento para  la obra. Estos espacios de participaci\u00f3n se desarrollaron de manera presencial y virtual, el d\u00eda de ayer en la ciudad de  Corrientes y este jueves en las oficinas de la Direcci\u00f3n de Vialidad Provincial Chaco.<br \/>\nEl proyecto presentado consiste en una nueva conexi\u00f3n f\u00edsica entre las ciudades de Corrientes y Resistencia y contempla la construcci\u00f3n de un nuevo puente sobre el r\u00edo Paran\u00e1 que  consistir\u00e1 en una conexi\u00f3n vial entre las mismas.<br \/>\nEn esta ocasi\u00f3n, el gobernador Capitanich manifest\u00f3 su \u201ctotal respaldo a esta iniciativa para la construcci\u00f3n del segundo puente Chaco Corrientes\u201d. \u201cEsa es una obra emblem\u00e1tica y trascendental para la regi\u00f3n\u201d, expres\u00f3.<br \/>\nEn este sentido, destac\u00f3: \u201cHemos propiciado un sistema de acta de compromiso junto al gobernador Gustavo Vald\u00e9s, oportunamente en el a\u00f1o 2020, con el objetivo de generar la manifestaci\u00f3n de inter\u00e9s para la ejecuci\u00f3n de esta obra al Poder Ejecutivo nacional, al presidente Alberto Fern\u00e1ndez\u201d. Paralelamente, &#8220;propiciamos la iniciativa legislativa para lograr garant\u00eda del tesoro en el \u00e1mbito de la aprobaci\u00f3n de la ley de presupuesto del Congreso de la Naci\u00f3n\u201d, agreg\u00f3.<br \/>\n\u201cAmbas cuestiones marcaron un sendero con el anteproyecto que estaba en evaluaci\u00f3n por parte de Vialidad Nacional\u201d, coment\u00f3 Capitanich y remarc\u00f3: \u201cEsto fue una iniciativa que en el a\u00f1o 2014 pudimos llevar adelante, para generar los mecanismos de financiamiento\u201d. \u201cLograda la manifestaci\u00f3n de inter\u00e9s, m\u00e1s la garant\u00eda del tesoro, m\u00e1s el desarrollo del proyecto Ejecutivo, pudimos hacer la presentaci\u00f3n del mismo y la exploraci\u00f3n de m\u00faltiples fuentes de financiamiento para la ejecuci\u00f3n de esta obra\u201d, destac\u00f3.<br \/>\nCapitanich explic\u00f3 que \u201ceste es el \u00faltimo paso y es un sistema de consultas a las partes interesadas\u201d. \u201cAyer en la provincia de Corrientes, hoy aqu\u00ed en la provincia de Chaco, con aproximadamente 147 inscritos de manera presencial y virtual; ser\u00e1n m\u00e1s de 240 en su totalidad si efectivamente se consolida con la realizaci\u00f3n de esta audiencia\u201d, remarc\u00f3.<br \/>\nEn relaci\u00f3n a ello, el gobernador agradeci\u00f3 \u201cmuy especialmente a quienes se han inscrito en representaci\u00f3n de personas jur\u00eddicas o f\u00edsicas para promover una participaci\u00f3n democr\u00e1tica y ciudadana respecto a la estrategia de financiamiento\u201d.<br \/>\n\u201cEs imprescindible que la obra se ejecute y entendemos que d\u00e1ndole apoyo, prioridad y cumpliendo todos los requisitos formales y sustanciales, la aprobaci\u00f3n del BID permitir\u00e1 habilitar el procedimiento de contrataciones\u201d, expres\u00f3 Capitanich.<br \/>\nAsimismo, destac\u00f3 la importancia de \u201creconocer el impacto en n\u00famero de trabajadores cuando la obra se ejecute, el n\u00famero de proveedores locales que se articula a partir de esto y su efecto multiplicador en el empleo y en el desarrollo\u201d. \u201cComo as\u00ed tambi\u00e9n lo que significa para la seguridad vial, la reducci\u00f3n de los \u00edndices de siniestralidad vial y la log\u00edstica integrada que aportar\u00e1 a mejorar la competitividad global de la provincia y de la regi\u00f3n\u201d, concluy\u00f3 Capitanich.<br \/>\nLa obra<br \/>\nEl proyecto contempla la construcci\u00f3n de un puente atirantado, de 772 metros de longitud y 25,7 metros de ancho, sobre el r\u00edo Paran\u00e1 con viaductos de acceso que alcanzan un total de 5,6 kil\u00f3metros. A las mismas se suma la ejecuci\u00f3n de 34,4  kil\u00f3metros de nueva autopista con dos carriles por sentido de  circulaci\u00f3n para vincular la Ruta Nacional 11 con la Ruta  Nacional 12.<br \/>\nEl objetivo general consiste en fortalecer la conectividad de manera sostenible y mejorar la calidad de circulaci\u00f3n en la RN N\u00b0 11 y la RN N\u00b0 12, a  trav\u00e9s de la construcci\u00f3n de un nuevo puente y sus accesos.<\/p><\/div>\n","protected":false},"excerpt":{"rendered":"<p>Se trata de las \u00faltimas instancias de intercambio y exposici\u00f3n entre las partes interesadas, para evaluar el financiamiento para la obra. Esta ma\u00f1ana, el gobernador Jorge Milton Capitanich, junto a la vicegobernadora Anal\u00eda Rach Quiroga; la jefa de Distrito 18\u00b0 y el jefe del Distrito 10\u00b0 de Vialidad Nacional, Alejandra Vilela y Daniel Flores, respectivamente, [&hellip;]<\/p>\n","protected":false},"author":1,"featured_media":25394,"comment_status":"closed","ping_status":"closed","sticky":false,"template":"","format":"standard","meta":{"footnotes":""},"categories":[6],"tags":[],"class_list":{"0":"post-25393","1":"post","2":"type-post","3":"status-publish","4":"format-standard","5":"has-post-thumbnail","7":"category-chaco"},"_links":{"self":[{"href":"https:\/\/chacosintesis.com.ar\/index.php\/wp-json\/wp\/v2\/posts\/25393","targetHints":{"allow":["GET"]}}],"collection":[{"href":"https:\/\/chacosintesis.com.ar\/index.php\/wp-json\/wp\/v2\/posts"}],"about":[{"href":"https:\/\/chacosintesis.com.ar\/index.php\/wp-json\/wp\/v2\/types\/post"}],"author":[{"embeddable":true,"href":"https:\/\/chacosintesis.com.ar\/index.php\/wp-json\/wp\/v2\/users\/1"}],"replies":[{"embeddable":true,"href":"https:\/\/chacosintesis.com.ar\/index.php\/wp-json\/wp\/v2\/comments?post=25393"}],"version-history":[{"count":0,"href":"https:\/\/chacosintesis.com.ar\/index.php\/wp-json\/wp\/v2\/posts\/25393\/revisions"}],"wp:featuredmedia":[{"embeddable":true,"href":"https:\/\/chacosintesis.com.ar\/index.php\/wp-json\/wp\/v2\/media\/25394"}],"wp:attachment":[{"href":"https:\/\/chacosintesis.com.ar\/index.php\/wp-json\/wp\/v2\/media?parent=25393"}],"wp:term":[{"taxonomy":"category","embeddable":true,"href":"https:\/\/chacosintesis.com.ar\/index.php\/wp-json\/wp\/v2\/categories?post=25393"},{"taxonomy":"post_tag","embeddable":true,"href":"https:\/\/chacosintesis.com.ar\/index.php\/wp-json\/wp\/v2\/tags?post=25393"}],"curies":[{"name":"wp","href":"https:\/\/api.w.org\/{rel}","templated":true}]}}