{"id":25391,"date":"2023-08-17T15:34:10","date_gmt":"2023-08-17T18:34:10","guid":{"rendered":"https:\/\/chacosintesis.com.ar\/?p=25391"},"modified":"2023-08-17T15:40:24","modified_gmt":"2023-08-17T18:40:24","slug":"el-cronograma-de-pago-de-haberes-a-la-administracion-publica-comienza-el-martes-29","status":"publish","type":"post","link":"https:\/\/chacosintesis.com.ar\/index.php\/el-cronograma-de-pago-de-haberes-a-la-administracion-publica-comienza-el-martes-29\/","title":{"rendered":"El cronograma de pago de haberes a la administraci\u00f3n p\u00fablica comienza el martes 29"},"content":{"rendered":"<div class=\"postie-post\">Con la acreditaci\u00f3n al sector pasivo, la \u00faltima semana de agosto el Gobierno provincial pagar\u00e1 los salarios.<br \/>\nEl gobernador Jorge Capitanich anunci\u00f3 este jueves que el pago de haberes a la administraci\u00f3n p\u00fablica comenzar\u00e1 el martes 29 con la acreditaci\u00f3n de salarios al sector pasivo. El mi\u00e9rcoles 30 continiuar\u00e1 con el pago al sector activo. Adem\u00e1s, inform\u00f3 que este viernes 18 se acreditar\u00e1 el refrigerio para este sector. En el marco del anuncio del aumento salarial extraordinario, el mandatario provincial dijo que &#8220;estamos cumpliendo con una pauta salarial por encima de la inflaci\u00f3n y con una fina y especial sensibilidad desde el punto de vista de la amortizaci\u00f3n de los haberes jubilatorios y salarios antes de la expiraci\u00f3n del mes&#8221;. Adem\u00e1s, Capitanich mencion\u00f3 las medidas que forman parte de &#8220;un paquete estructural&#8221;, como los descuentos en farmacias, supermercados y beneficios para personas jubiladas, los d\u00edas martes, mi\u00e9rcoles y jueves de cada mes. En este sentido, tambi\u00e9n record\u00f3 que se acordaron descuentos y reintegro en compras de juguetes por el mes de las infancias. Capitanich manifest\u00f3: &#8220;basamos nuestra pol\u00edtica en mejorar el poder aquisitivo del salario de los trababajores y trabajadoras pero tambien el ingreso a las familias&#8221;.<\/div>\n","protected":false},"excerpt":{"rendered":"<p>Con la acreditaci\u00f3n al sector pasivo, la \u00faltima semana de agosto el Gobierno provincial pagar\u00e1 los salarios. El gobernador Jorge Capitanich anunci\u00f3 este jueves que el pago de haberes a la administraci\u00f3n p\u00fablica comenzar\u00e1 el martes 29 con la acreditaci\u00f3n de salarios al sector pasivo. El mi\u00e9rcoles 30 continiuar\u00e1 con el pago al sector activo. [&hellip;]<\/p>\n","protected":false},"author":1,"featured_media":25392,"comment_status":"closed","ping_status":"closed","sticky":false,"template":"","format":"standard","meta":{"footnotes":""},"categories":[6],"tags":[],"class_list":{"0":"post-25391","1":"post","2":"type-post","3":"status-publish","4":"format-standard","5":"has-post-thumbnail","7":"category-chaco"},"_links":{"self":[{"href":"https:\/\/chacosintesis.com.ar\/index.php\/wp-json\/wp\/v2\/posts\/25391","targetHints":{"allow":["GET"]}}],"collection":[{"href":"https:\/\/chacosintesis.com.ar\/index.php\/wp-json\/wp\/v2\/posts"}],"about":[{"href":"https:\/\/chacosintesis.com.ar\/index.php\/wp-json\/wp\/v2\/types\/post"}],"author":[{"embeddable":true,"href":"https:\/\/chacosintesis.com.ar\/index.php\/wp-json\/wp\/v2\/users\/1"}],"replies":[{"embeddable":true,"href":"https:\/\/chacosintesis.com.ar\/index.php\/wp-json\/wp\/v2\/comments?post=25391"}],"version-history":[{"count":0,"href":"https:\/\/chacosintesis.com.ar\/index.php\/wp-json\/wp\/v2\/posts\/25391\/revisions"}],"wp:featuredmedia":[{"embeddable":true,"href":"https:\/\/chacosintesis.com.ar\/index.php\/wp-json\/wp\/v2\/media\/25392"}],"wp:attachment":[{"href":"https:\/\/chacosintesis.com.ar\/index.php\/wp-json\/wp\/v2\/media?parent=25391"}],"wp:term":[{"taxonomy":"category","embeddable":true,"href":"https:\/\/chacosintesis.com.ar\/index.php\/wp-json\/wp\/v2\/categories?post=25391"},{"taxonomy":"post_tag","embeddable":true,"href":"https:\/\/chacosintesis.com.ar\/index.php\/wp-json\/wp\/v2\/tags?post=25391"}],"curies":[{"name":"wp","href":"https:\/\/api.w.org\/{rel}","templated":true}]}}