{"id":25389,"date":"2023-08-17T15:32:13","date_gmt":"2023-08-17T18:32:13","guid":{"rendered":"https:\/\/chacosintesis.com.ar\/?p=25389"},"modified":"2023-08-17T15:40:19","modified_gmt":"2023-08-17T18:40:19","slug":"galak-es-muy-importante-el-rol-del-conicet-para-el-desarrollo-de-la-educacion-y-la-salud","status":"publish","type":"post","link":"https:\/\/chacosintesis.com.ar\/index.php\/galak-es-muy-importante-el-rol-del-conicet-para-el-desarrollo-de-la-educacion-y-la-salud\/","title":{"rendered":"Galak: \u201cEs muy importante el rol del CONICET para el desarrollo de la educaci\u00f3n y la salud\u201d"},"content":{"rendered":"<div class=\"postie-post\">El investigador se refiri\u00f3 al rol y a la importancia del organismo, dedicado a la ciencia y la tecnolog\u00eda en la Argentina, en relaci\u00f3n a las recientes declaraciones del candidato presidencial del partido La Libertad Avanza.<br \/>\nAnte las recientes declaraciones del candidato a la presidencia de La Libertad Avanza, Javier Milei, sobre el Consejo Nacional de Investigaciones Cient\u00edficas y T\u00e9cnicas (CONICET), el investigador Eduardo Galak dialog\u00f3 con Chaco TV sobre el rol y la importancia de este organismo dedicado a la promoci\u00f3n de la ciencia y la tecnolog\u00eda en la Argentina.<br \/>\nEn primer lugar, Galak se mostr\u00f3 \u201cpreocupado\u201d por \u201cciertos discursos\u201d que empiezan a emerger cuestionando el lugar de la ciencia p\u00fablica en el pa\u00eds. \u201cDiscutir si tiene que haber ciencia p\u00fablica para todos y todas me parece que por ah\u00ed no va el camino\u201d, expres\u00f3. En ese sentido, destac\u00f3 la importancia estrat\u00e9gica del organismo y agreg\u00f3 que \u201csolo quien no sepa que hace el CONICET puede decir una cosa de esa naturaleza\u201d.<br \/>\nSiguiendo por esta l\u00ednea, Galak profundiz\u00f3 en que el organismo en el pa\u00eds se ocupa de la ciencia b\u00e1sica, no de la aplicada, es decir, de la construcci\u00f3n de ideas y de la formulaci\u00f3n de teor\u00edas. \u201cEs importante reivindicar el lugar de la teor\u00eda cient\u00edfica dentro de la sociedad\u201d, manifest\u00f3. El organismo cuenta con alrededor de 30 mil personas calificadas trabajando, entre los cuales se encuentran becarios, becarias, investigadores de carrera y personal de apoyo. Todos ellos han pasado por minuciosas instancias de evaluaci\u00f3n para llegar a sus puestos en el organismo. \u201cNo cualquiera puede llegar\u201d, asegur\u00f3 Galak.<br \/>\nPor \u00faltimo, el investigador expres\u00f3 que \u201cla ciencia argentina est\u00e1 muy bien catalogada a nivel mundial\u201d y que existe \u201cuna admiraci\u00f3n por el trabajo que se hace\u201d. \u201cLa instalaci\u00f3n de este tipo de cuestiones tiene mucho m\u00e1s que ver con reivindicar pasiones que con discutir el rol del CONICET\u201d, coment\u00f3, al mismo tiempo que agreg\u00f3 que \u201cla \u00faltima elecci\u00f3n fue m\u00e1s pasional que racional\u201d. \u201cEducaci\u00f3n y salud es algo que hay que defender porque la mayor\u00eda de la gente no quiere privatizar ni la educaci\u00f3n ni la salud. Es muy importante el rol del CONICET para el desarrollo de ambas\u201d, concluy\u00f3.<\/div>\n","protected":false},"excerpt":{"rendered":"<p>El investigador se refiri\u00f3 al rol y a la importancia del organismo, dedicado a la ciencia y la tecnolog\u00eda en la Argentina, en relaci\u00f3n a las recientes declaraciones del candidato presidencial del partido La Libertad Avanza. Ante las recientes declaraciones del candidato a la presidencia de La Libertad Avanza, Javier Milei, sobre el Consejo Nacional [&hellip;]<\/p>\n","protected":false},"author":1,"featured_media":25390,"comment_status":"closed","ping_status":"closed","sticky":false,"template":"","format":"standard","meta":{"footnotes":""},"categories":[6],"tags":[],"class_list":{"0":"post-25389","1":"post","2":"type-post","3":"status-publish","4":"format-standard","5":"has-post-thumbnail","7":"category-chaco"},"_links":{"self":[{"href":"https:\/\/chacosintesis.com.ar\/index.php\/wp-json\/wp\/v2\/posts\/25389","targetHints":{"allow":["GET"]}}],"collection":[{"href":"https:\/\/chacosintesis.com.ar\/index.php\/wp-json\/wp\/v2\/posts"}],"about":[{"href":"https:\/\/chacosintesis.com.ar\/index.php\/wp-json\/wp\/v2\/types\/post"}],"author":[{"embeddable":true,"href":"https:\/\/chacosintesis.com.ar\/index.php\/wp-json\/wp\/v2\/users\/1"}],"replies":[{"embeddable":true,"href":"https:\/\/chacosintesis.com.ar\/index.php\/wp-json\/wp\/v2\/comments?post=25389"}],"version-history":[{"count":0,"href":"https:\/\/chacosintesis.com.ar\/index.php\/wp-json\/wp\/v2\/posts\/25389\/revisions"}],"wp:featuredmedia":[{"embeddable":true,"href":"https:\/\/chacosintesis.com.ar\/index.php\/wp-json\/wp\/v2\/media\/25390"}],"wp:attachment":[{"href":"https:\/\/chacosintesis.com.ar\/index.php\/wp-json\/wp\/v2\/media?parent=25389"}],"wp:term":[{"taxonomy":"category","embeddable":true,"href":"https:\/\/chacosintesis.com.ar\/index.php\/wp-json\/wp\/v2\/categories?post=25389"},{"taxonomy":"post_tag","embeddable":true,"href":"https:\/\/chacosintesis.com.ar\/index.php\/wp-json\/wp\/v2\/tags?post=25389"}],"curies":[{"name":"wp","href":"https:\/\/api.w.org\/{rel}","templated":true}]}}