{"id":25387,"date":"2023-08-17T15:29:23","date_gmt":"2023-08-17T18:29:23","guid":{"rendered":"https:\/\/chacosintesis.com.ar\/?p=25387"},"modified":"2023-08-17T15:40:14","modified_gmt":"2023-08-17T18:40:14","slug":"durante-agosto-continua-el-servicio-de-transporte-gratuito-hacia-los-mercados-populares","status":"publish","type":"post","link":"https:\/\/chacosintesis.com.ar\/index.php\/durante-agosto-continua-el-servicio-de-transporte-gratuito-hacia-los-mercados-populares\/","title":{"rendered":"Durante agosto contin\u00faa el servicio de transporte gratuito hacia los mercados populares"},"content":{"rendered":"<div class=\"postie-post\">El objetivo es garantizar el acceso a las y los vecinos que deseen concurrir a los Mercados Populares que tendr\u00e1n lugar en el Gran Resistencia. Las l\u00edneas 106 A, 106 B y la l\u00ednea 110 afectadas estar\u00e1n identificadas con el cartel \u201cMercados Populares\u201d.<br \/>\nEl Ministerio de Planificaci\u00f3n, Econom\u00eda e Infraestructura informa que durante agosto el transporte ser\u00e1 gratuito para las y los vecinos que deseen concurrir a los Mercados Populares que se desarrollar\u00e1n en el \u00e1rea Metropolitana del Gran Resistencia. \u201cSostenemos este beneficio para que m\u00e1s personas puedan acceder a productos chaque\u00f1os de calidad y con precios accesibles\u201d expres\u00f3 sobre la medida el subsecretario de Transporte, Tom\u00e1s Yazlle. Este s\u00e1bado 19  los Mercados Populares estar\u00e1n en la Plaza de la Integraci\u00f3n, en Avenida 9 de Julio y Espa\u00f1a. Para asistir, las personas interesadas podr\u00e1n viajar de forma gratuita en las l\u00edneas 106 A, 106 B y la l\u00ednea 110. Las unidades afectadas a este servicio estar\u00e1n identificadas con el cartel \u201cMercados Populares\u201d y tendr\u00e1n dos frecuencias: a las 9 y a las 12.30. Los Mercados Populares son espacios impulsados por el Ministerio de Desarrollo Social, a trav\u00e9s de su Unidad Ejecutora de Pol\u00edticas Sociales, con el objetivo de promover el consumo y el compre chaque\u00f1o. All\u00ed se podr\u00e1n adquirir a precios accesibles cortes de carnes, pescados, panificados y hasta 70 productos elaborados por unidades productivas provinciales de emprendedores y emprendedoras chaque\u00f1as que ofrecen sus art\u00edculos en estos espacios.<\/div>\n","protected":false},"excerpt":{"rendered":"<p>El objetivo es garantizar el acceso a las y los vecinos que deseen concurrir a los Mercados Populares que tendr\u00e1n lugar en el Gran Resistencia. Las l\u00edneas 106 A, 106 B y la l\u00ednea 110 afectadas estar\u00e1n identificadas con el cartel \u201cMercados Populares\u201d. El Ministerio de Planificaci\u00f3n, Econom\u00eda e Infraestructura informa que durante agosto el [&hellip;]<\/p>\n","protected":false},"author":1,"featured_media":25388,"comment_status":"closed","ping_status":"closed","sticky":false,"template":"","format":"standard","meta":{"footnotes":""},"categories":[6],"tags":[],"class_list":{"0":"post-25387","1":"post","2":"type-post","3":"status-publish","4":"format-standard","5":"has-post-thumbnail","7":"category-chaco"},"_links":{"self":[{"href":"https:\/\/chacosintesis.com.ar\/index.php\/wp-json\/wp\/v2\/posts\/25387","targetHints":{"allow":["GET"]}}],"collection":[{"href":"https:\/\/chacosintesis.com.ar\/index.php\/wp-json\/wp\/v2\/posts"}],"about":[{"href":"https:\/\/chacosintesis.com.ar\/index.php\/wp-json\/wp\/v2\/types\/post"}],"author":[{"embeddable":true,"href":"https:\/\/chacosintesis.com.ar\/index.php\/wp-json\/wp\/v2\/users\/1"}],"replies":[{"embeddable":true,"href":"https:\/\/chacosintesis.com.ar\/index.php\/wp-json\/wp\/v2\/comments?post=25387"}],"version-history":[{"count":0,"href":"https:\/\/chacosintesis.com.ar\/index.php\/wp-json\/wp\/v2\/posts\/25387\/revisions"}],"wp:featuredmedia":[{"embeddable":true,"href":"https:\/\/chacosintesis.com.ar\/index.php\/wp-json\/wp\/v2\/media\/25388"}],"wp:attachment":[{"href":"https:\/\/chacosintesis.com.ar\/index.php\/wp-json\/wp\/v2\/media?parent=25387"}],"wp:term":[{"taxonomy":"category","embeddable":true,"href":"https:\/\/chacosintesis.com.ar\/index.php\/wp-json\/wp\/v2\/categories?post=25387"},{"taxonomy":"post_tag","embeddable":true,"href":"https:\/\/chacosintesis.com.ar\/index.php\/wp-json\/wp\/v2\/tags?post=25387"}],"curies":[{"name":"wp","href":"https:\/\/api.w.org\/{rel}","templated":true}]}}