{"id":25385,"date":"2023-08-17T15:28:18","date_gmt":"2023-08-17T18:28:18","guid":{"rendered":"https:\/\/chacosintesis.com.ar\/?p=25385"},"modified":"2023-08-17T15:40:10","modified_gmt":"2023-08-17T18:40:10","slug":"trabajadores-de-la-educacion-valoraron-el-adelanto-de-aumento-salarial-a-los-docentes-chaquenos-reivindicamos-la-clausula-gatillo","status":"publish","type":"post","link":"https:\/\/chacosintesis.com.ar\/index.php\/trabajadores-de-la-educacion-valoraron-el-adelanto-de-aumento-salarial-a-los-docentes-chaquenos-reivindicamos-la-clausula-gatillo\/","title":{"rendered":"Trabajadores de la educaci\u00f3n valoraron el adelanto de aumento salarial a los docentes chaque\u00f1os: \u201cReivindicamos la cl\u00e1usula gatillo\u201d"},"content":{"rendered":"<div class=\"postie-post\">El Gobierno Provincial anunci\u00f3 nuevas medidas en beneficio del sector docente para fortalecer los salarios frente a los n\u00fameros de inflaci\u00f3n de todo el pa\u00eds.<br \/>\nLa secretaria general Asociaci\u00f3n de Trabajadores de la Educaci\u00f3n del Chaco (ATECh), Rosa Petrovich, se refiri\u00f3 a los anuncios realizados por el Gobierno Provincial este jueves, donde se inform\u00f3 el adelantamiento de la cl\u00e1usula gatillo pactado para octubre a los salarios de agosto con intenciones de acompa\u00f1ar a los trabajadores en el contexto econ\u00f3mico surgido tras las elecciones Primarias.<br \/>\nEn comunicaci\u00f3n con Radio Provincia del Chaco, la representante gremial destac\u00f3 que la medida se da en consonancia a sus demandas, y asegur\u00f3 que \u201cven\u00edamos reclamando un anticipo de la cl\u00e1usula gatillo ante esta escalada inflacionaria\u201d. &#8220;El anticipo que tenemos a hoy para percibir con los haberes de agosto es de un 8% que va al valor del punto, sueldo en blanco, abarcando a todos los docentes activos y jubilados. Y, con el sueldo de octubre, naturalmente debe reajustarse todo lo que corresponda que falte para cubrir la inflaci\u00f3n de agosto y septiembre, sino vamos a estar con el sueldo de septiembre tambi\u00e9n con anticipo\u201d, explic\u00f3.<br \/>\nEn ese sentido, resalt\u00f3 que \u201cnosotros mismos reivindicamos la herramienta de la cl\u00e1usula gatillo\u201d, medida en acci\u00f3n garantizada durante lo que va de la gesti\u00f3n provincial, y agreg\u00f3 que \u201ctenemos que decir que con esta pauta que logramos los docentes, decididamente terminamos un primer semestre con un 10% por encima de la inflaci\u00f3n. Tenemos que lograr terminar el 2023 con un incremento lo m\u00e1ximo posible por encima de la inflaci\u00f3n\u201d.<br \/>\nLa victoria de Milei \u201cuna enorme preocupaci\u00f3n\u201d<br \/>\nEn an\u00e1lisis de lo que ocurri\u00f3 el \u00faltimo domingo en todo el pa\u00eds, donde el partido La Libertad Avanza se qued\u00f3 con las elecciones primarias para la Presidencia con poco m\u00e1s del 30% de apoyo, Petrovich asegur\u00f3 que esto representa una \u201cenorme preocupaci\u00f3n por la plataforma que tiene\u201d.<br \/>\n\u201cNosotros, desde el cerco educativo, no podemos no se\u00f1alar la preocupaci\u00f3n por lo que se plantea en el tema educativo, que se termina la educaci\u00f3n p\u00fablica, gratuita, estatal\u201d, indic\u00f3, y asegur\u00f3 que esta \u201ces la pol\u00edtica liberal, salvaje, de destrucci\u00f3n\u201d. \u201cEs la desaparici\u00f3n lisa y llana de la educaci\u00f3n p\u00fablica estatal\u201d, reiter\u00f3.<br \/>\nEn contexto general, tambi\u00e9n plante\u00f3 que \u201cestamos m\u00e1s que preocupados con este panorama, que tiene un programa de ajuste fiscal m\u00e1s profundo del FMI y nadie puede pecar de ingenuo de que todos los ajustes est\u00e1n direccionados al recorte de los ajustes de derechos de todos\u201d, y convoc\u00f3 a que \u201cdebemos estrechar filas para refrescar la memoria y definir qu\u00e9 es lo mejor para nuestro pa\u00eds, para las generaciones siguientes\u201d.<\/div>\n","protected":false},"excerpt":{"rendered":"<p>El Gobierno Provincial anunci\u00f3 nuevas medidas en beneficio del sector docente para fortalecer los salarios frente a los n\u00fameros de inflaci\u00f3n de todo el pa\u00eds. La secretaria general Asociaci\u00f3n de Trabajadores de la Educaci\u00f3n del Chaco (ATECh), Rosa Petrovich, se refiri\u00f3 a los anuncios realizados por el Gobierno Provincial este jueves, donde se inform\u00f3 el [&hellip;]<\/p>\n","protected":false},"author":1,"featured_media":25386,"comment_status":"closed","ping_status":"closed","sticky":false,"template":"","format":"standard","meta":{"footnotes":""},"categories":[6],"tags":[],"class_list":{"0":"post-25385","1":"post","2":"type-post","3":"status-publish","4":"format-standard","5":"has-post-thumbnail","7":"category-chaco"},"_links":{"self":[{"href":"https:\/\/chacosintesis.com.ar\/index.php\/wp-json\/wp\/v2\/posts\/25385","targetHints":{"allow":["GET"]}}],"collection":[{"href":"https:\/\/chacosintesis.com.ar\/index.php\/wp-json\/wp\/v2\/posts"}],"about":[{"href":"https:\/\/chacosintesis.com.ar\/index.php\/wp-json\/wp\/v2\/types\/post"}],"author":[{"embeddable":true,"href":"https:\/\/chacosintesis.com.ar\/index.php\/wp-json\/wp\/v2\/users\/1"}],"replies":[{"embeddable":true,"href":"https:\/\/chacosintesis.com.ar\/index.php\/wp-json\/wp\/v2\/comments?post=25385"}],"version-history":[{"count":0,"href":"https:\/\/chacosintesis.com.ar\/index.php\/wp-json\/wp\/v2\/posts\/25385\/revisions"}],"wp:featuredmedia":[{"embeddable":true,"href":"https:\/\/chacosintesis.com.ar\/index.php\/wp-json\/wp\/v2\/media\/25386"}],"wp:attachment":[{"href":"https:\/\/chacosintesis.com.ar\/index.php\/wp-json\/wp\/v2\/media?parent=25385"}],"wp:term":[{"taxonomy":"category","embeddable":true,"href":"https:\/\/chacosintesis.com.ar\/index.php\/wp-json\/wp\/v2\/categories?post=25385"},{"taxonomy":"post_tag","embeddable":true,"href":"https:\/\/chacosintesis.com.ar\/index.php\/wp-json\/wp\/v2\/tags?post=25385"}],"curies":[{"name":"wp","href":"https:\/\/api.w.org\/{rel}","templated":true}]}}