{"id":25381,"date":"2023-08-17T15:19:30","date_gmt":"2023-08-17T18:19:30","guid":{"rendered":"https:\/\/chacosintesis.com.ar\/?p=25381"},"modified":"2023-08-17T15:40:00","modified_gmt":"2023-08-17T18:40:00","slug":"capitanich-entrego-banderas-a-excombatientes-de-malvinas","status":"publish","type":"post","link":"https:\/\/chacosintesis.com.ar\/index.php\/capitanich-entrego-banderas-a-excombatientes-de-malvinas\/","title":{"rendered":"Capitanich entreg\u00f3 banderas a excombatientes de Malvinas"},"content":{"rendered":"<div class=\"postie-post\">Cumpliendo con un pedido de 17 organizaciones.<br \/>\nEn un acto realizado este jueves en Casa de Gobierno, el primer mandatario provincial, Jorge Capitanich, hizo entrega de 165 banderas a 17 organizaciones de de Ex Combatientes de la Provincia del Chaco. El 2 de abril del 2023, a 41 a\u00f1os de la gesta de Malvinas, las organizaciones realizaron este petitorio y el gobierno provincial organiz\u00f3 un acto para cumplir con esta solicitud. En sus redes sociales, el gobernador Jorge Capitanich manifest\u00f3 que &#8220;Chaco es l\u00edder en las reivindicaciones sociales para nuestros ex combatientes vinculadas a la equiparaci\u00f3n de las pensiones, la ejecuci\u00f3n de m\u00e1s de 10 espacios con distintos grados de ejecuci\u00f3n, acceso a la vivienda digna, y la continuidad de derechos habientes&#8221;.<\/div>\n","protected":false},"excerpt":{"rendered":"<p>Cumpliendo con un pedido de 17 organizaciones. En un acto realizado este jueves en Casa de Gobierno, el primer mandatario provincial, Jorge Capitanich, hizo entrega de 165 banderas a 17 organizaciones de de Ex Combatientes de la Provincia del Chaco. El 2 de abril del 2023, a 41 a\u00f1os de la gesta de Malvinas, las [&hellip;]<\/p>\n","protected":false},"author":1,"featured_media":25382,"comment_status":"closed","ping_status":"closed","sticky":false,"template":"","format":"standard","meta":{"footnotes":""},"categories":[6],"tags":[],"class_list":{"0":"post-25381","1":"post","2":"type-post","3":"status-publish","4":"format-standard","5":"has-post-thumbnail","7":"category-chaco"},"_links":{"self":[{"href":"https:\/\/chacosintesis.com.ar\/index.php\/wp-json\/wp\/v2\/posts\/25381","targetHints":{"allow":["GET"]}}],"collection":[{"href":"https:\/\/chacosintesis.com.ar\/index.php\/wp-json\/wp\/v2\/posts"}],"about":[{"href":"https:\/\/chacosintesis.com.ar\/index.php\/wp-json\/wp\/v2\/types\/post"}],"author":[{"embeddable":true,"href":"https:\/\/chacosintesis.com.ar\/index.php\/wp-json\/wp\/v2\/users\/1"}],"replies":[{"embeddable":true,"href":"https:\/\/chacosintesis.com.ar\/index.php\/wp-json\/wp\/v2\/comments?post=25381"}],"version-history":[{"count":0,"href":"https:\/\/chacosintesis.com.ar\/index.php\/wp-json\/wp\/v2\/posts\/25381\/revisions"}],"wp:featuredmedia":[{"embeddable":true,"href":"https:\/\/chacosintesis.com.ar\/index.php\/wp-json\/wp\/v2\/media\/25382"}],"wp:attachment":[{"href":"https:\/\/chacosintesis.com.ar\/index.php\/wp-json\/wp\/v2\/media?parent=25381"}],"wp:term":[{"taxonomy":"category","embeddable":true,"href":"https:\/\/chacosintesis.com.ar\/index.php\/wp-json\/wp\/v2\/categories?post=25381"},{"taxonomy":"post_tag","embeddable":true,"href":"https:\/\/chacosintesis.com.ar\/index.php\/wp-json\/wp\/v2\/tags?post=25381"}],"curies":[{"name":"wp","href":"https:\/\/api.w.org\/{rel}","templated":true}]}}