{"id":25375,"date":"2023-08-17T15:14:13","date_gmt":"2023-08-17T18:14:13","guid":{"rendered":"https:\/\/chacosintesis.com.ar\/?p=25375"},"modified":"2023-08-17T15:39:45","modified_gmt":"2023-08-17T18:39:45","slug":"un-equipo-fiscal-de-resistencia-investiga-los-intentos-de-secuestro-de-menores-de-edad","status":"publish","type":"post","link":"https:\/\/chacosintesis.com.ar\/index.php\/un-equipo-fiscal-de-resistencia-investiga-los-intentos-de-secuestro-de-menores-de-edad\/","title":{"rendered":"Un equipo fiscal de Resistencia investiga los intentos de secuestro de menores de edad"},"content":{"rendered":"<div class=\"postie-post\">Equipo Fiscal N\u00ba 14 inform\u00f3 este jueves que hay cuatro personas detenidas.<br \/>\nEl Equipo Fiscal N\u00ba 14 de Resistencia inform\u00f3 a la sociedad que est\u00e1 en pleno trabajo de recolecci\u00f3n de pruebas que permitan esclarecer las circunstancias de tiempo, modo y lugar respecto a los intentos de secuestro de menores de edad en Barranqueras y Puerto Vilelas. En tal sentido, el fiscal Francisco As\u00eds De Obald\u00eda Eyseric record\u00f3 que en la tarde del mi\u00e9rcoles fueron detenidos cuatro ciudadanos de nacionalidad paraguaya y secuestrado el veh\u00edculo Toyota \u201cPremio\u201d gris dominio AALL297 en el que se movilizaban. La acci\u00f3n fue en respuesta a las denuncias formuladas por cuatro ciudadanos y a partir de la \u201csospecha suficiente de que dichas personas habr\u00edan participado en la comisi\u00f3n de hechos punibles\u201d que implicaban \u201cemplear la violencia y\/o intimidaci\u00f3n para intentar el secuestro de menores de edad\u201d. Por \u00faltimo, el fiscal solicit\u00f3 a la poblaci\u00f3n que ante circunstancias del mismo tenor \u201cpongan inmediatamente en conocimiento de las mismas a las autoridades policiales y judiciales, quienes mediante un trabajo r\u00e1pido y efectivo -como en el presente caso- les brindar\u00e1n una respuesta efectiva\u201d.<\/div>\n","protected":false},"excerpt":{"rendered":"<p>Equipo Fiscal N\u00ba 14 inform\u00f3 este jueves que hay cuatro personas detenidas. El Equipo Fiscal N\u00ba 14 de Resistencia inform\u00f3 a la sociedad que est\u00e1 en pleno trabajo de recolecci\u00f3n de pruebas que permitan esclarecer las circunstancias de tiempo, modo y lugar respecto a los intentos de secuestro de menores de edad en Barranqueras y [&hellip;]<\/p>\n","protected":false},"author":1,"featured_media":25376,"comment_status":"closed","ping_status":"closed","sticky":false,"template":"","format":"standard","meta":{"footnotes":""},"categories":[6],"tags":[],"class_list":{"0":"post-25375","1":"post","2":"type-post","3":"status-publish","4":"format-standard","5":"has-post-thumbnail","7":"category-chaco"},"_links":{"self":[{"href":"https:\/\/chacosintesis.com.ar\/index.php\/wp-json\/wp\/v2\/posts\/25375","targetHints":{"allow":["GET"]}}],"collection":[{"href":"https:\/\/chacosintesis.com.ar\/index.php\/wp-json\/wp\/v2\/posts"}],"about":[{"href":"https:\/\/chacosintesis.com.ar\/index.php\/wp-json\/wp\/v2\/types\/post"}],"author":[{"embeddable":true,"href":"https:\/\/chacosintesis.com.ar\/index.php\/wp-json\/wp\/v2\/users\/1"}],"replies":[{"embeddable":true,"href":"https:\/\/chacosintesis.com.ar\/index.php\/wp-json\/wp\/v2\/comments?post=25375"}],"version-history":[{"count":0,"href":"https:\/\/chacosintesis.com.ar\/index.php\/wp-json\/wp\/v2\/posts\/25375\/revisions"}],"wp:featuredmedia":[{"embeddable":true,"href":"https:\/\/chacosintesis.com.ar\/index.php\/wp-json\/wp\/v2\/media\/25376"}],"wp:attachment":[{"href":"https:\/\/chacosintesis.com.ar\/index.php\/wp-json\/wp\/v2\/media?parent=25375"}],"wp:term":[{"taxonomy":"category","embeddable":true,"href":"https:\/\/chacosintesis.com.ar\/index.php\/wp-json\/wp\/v2\/categories?post=25375"},{"taxonomy":"post_tag","embeddable":true,"href":"https:\/\/chacosintesis.com.ar\/index.php\/wp-json\/wp\/v2\/tags?post=25375"}],"curies":[{"name":"wp","href":"https:\/\/api.w.org\/{rel}","templated":true}]}}