{"id":25369,"date":"2023-08-17T14:59:57","date_gmt":"2023-08-17T17:59:57","guid":{"rendered":"https:\/\/chacosintesis.com.ar\/?p=25369"},"modified":"2023-08-17T15:07:46","modified_gmt":"2023-08-17T18:07:46","slug":"la-policia-del-chaco-detuvo-a-cinco-personas-tras-una-manifestacion","status":"publish","type":"post","link":"https:\/\/chacosintesis.com.ar\/index.php\/la-policia-del-chaco-detuvo-a-cinco-personas-tras-una-manifestacion\/","title":{"rendered":"La Polic\u00eda del Chaco detuvo a cinco personas tras una manifestaci\u00f3n"},"content":{"rendered":"<div class=\"postie-post\">\u201cNo podemos permitir que estos grupos cercenen los derechos del resto de los ciudadanos a transitar y circular libremente\u201d, asegur\u00f3 la ministra Gloria Zalazar.<br \/>\nEl Ministerio de Seguridad y Justicia inform\u00f3 sobre  los hechos ocurridos este jueves por la ma\u00f1ana, cuando la Polic\u00eda del Chaco despej\u00f3 un corte de tr\u00e1nsito frente a Casa de Gobierno. Hasta el momento son cinco las personas demoradas por contravenciones.<br \/>\nSeg\u00fan indic\u00f3 el informe de la Polic\u00eda del Chaco sobre su intervenci\u00f3n en el hecho, se dispuso los canales de di\u00e1logo previstos antes las protestas sociales con la intervenci\u00f3n de mediadores del Gobierno provincial, pero los manifestantes no tuvieron una intenci\u00f3n de di\u00e1logo.<br \/>\n\u201cPonemos siempre a disposici\u00f3n los canales de di\u00e1logo porque esa es nuestra pol\u00edtica, pero no podemos permitir que estos grupos de personas cercenen los derechos del resto de los ciudadanos a transitar y circular libremente por la ciudad ni que alteren la paz social\u201d, asegur\u00f3 la ministra Gloria Zalazar.<br \/>\nParticiparon de la manifestaci\u00f3n unas 100 personas, integrantes de distintos movimientos sociales, quienes interrumpieron el tr\u00e1nsito alrededor de las 9:30. La Polic\u00eda del Chaco intervino junto al equipo de mediaci\u00f3n para encontrar una soluci\u00f3n a trav\u00e9s del di\u00e1logo, pero los manifestantes no depusieron su accionar, por lo que se procedi\u00f3 al desalojo de la protesta.<br \/>\nLas fuerzas de seguridad accionaron \u201cconforme a la Ley 2399-J, que establece los protocolos de intervenci\u00f3n en manifestaciones. La Polic\u00eda actu\u00f3 en funci\u00f3n de preservar la seguridad de los comerciantes y transe\u00fantes, con los elementos que se utilizan para estos casos y el carro hidrante\u201d, explic\u00f3 la ministra Zalazar.<br \/>\nComo respuesta, los manifestantes se tornaron violentos hacia el personal policial arrojando todo tipo de elementos contundentes. Lo que motiv\u00f3 a los efectivos policiales a demorar a cinco personas que ocasionaron los disturbios.<\/div>\n","protected":false},"excerpt":{"rendered":"<p>\u201cNo podemos permitir que estos grupos cercenen los derechos del resto de los ciudadanos a transitar y circular libremente\u201d, asegur\u00f3 la ministra Gloria Zalazar. El Ministerio de Seguridad y Justicia inform\u00f3 sobre los hechos ocurridos este jueves por la ma\u00f1ana, cuando la Polic\u00eda del Chaco despej\u00f3 un corte de tr\u00e1nsito frente a Casa de Gobierno. [&hellip;]<\/p>\n","protected":false},"author":1,"featured_media":25370,"comment_status":"closed","ping_status":"closed","sticky":false,"template":"","format":"standard","meta":{"footnotes":""},"categories":[6],"tags":[],"class_list":{"0":"post-25369","1":"post","2":"type-post","3":"status-publish","4":"format-standard","5":"has-post-thumbnail","7":"category-chaco"},"_links":{"self":[{"href":"https:\/\/chacosintesis.com.ar\/index.php\/wp-json\/wp\/v2\/posts\/25369","targetHints":{"allow":["GET"]}}],"collection":[{"href":"https:\/\/chacosintesis.com.ar\/index.php\/wp-json\/wp\/v2\/posts"}],"about":[{"href":"https:\/\/chacosintesis.com.ar\/index.php\/wp-json\/wp\/v2\/types\/post"}],"author":[{"embeddable":true,"href":"https:\/\/chacosintesis.com.ar\/index.php\/wp-json\/wp\/v2\/users\/1"}],"replies":[{"embeddable":true,"href":"https:\/\/chacosintesis.com.ar\/index.php\/wp-json\/wp\/v2\/comments?post=25369"}],"version-history":[{"count":0,"href":"https:\/\/chacosintesis.com.ar\/index.php\/wp-json\/wp\/v2\/posts\/25369\/revisions"}],"wp:featuredmedia":[{"embeddable":true,"href":"https:\/\/chacosintesis.com.ar\/index.php\/wp-json\/wp\/v2\/media\/25370"}],"wp:attachment":[{"href":"https:\/\/chacosintesis.com.ar\/index.php\/wp-json\/wp\/v2\/media?parent=25369"}],"wp:term":[{"taxonomy":"category","embeddable":true,"href":"https:\/\/chacosintesis.com.ar\/index.php\/wp-json\/wp\/v2\/categories?post=25369"},{"taxonomy":"post_tag","embeddable":true,"href":"https:\/\/chacosintesis.com.ar\/index.php\/wp-json\/wp\/v2\/tags?post=25369"}],"curies":[{"name":"wp","href":"https:\/\/api.w.org\/{rel}","templated":true}]}}