{"id":25359,"date":"2023-08-17T14:44:16","date_gmt":"2023-08-17T17:44:16","guid":{"rendered":"https:\/\/chacosintesis.com.ar\/?p=25359"},"modified":"2023-08-17T15:07:22","modified_gmt":"2023-08-17T18:07:22","slug":"el-gobierno-provincial-iniciara-el-proceso-de-desarrollo-urbanisitico-de-la-chacra-24","status":"publish","type":"post","link":"https:\/\/chacosintesis.com.ar\/index.php\/el-gobierno-provincial-iniciara-el-proceso-de-desarrollo-urbanisitico-de-la-chacra-24\/","title":{"rendered":"El gobierno provincial iniciar\u00e1 el proceso de desarrollo urban\u00edsitico de la Chacra 24"},"content":{"rendered":"<div class=\"postie-post\">Se firm\u00f3 un acta acuerdo para articular acciones y avanzar en soluciones habitacionales en la zona. \u201cEstas acciones son una clara pol\u00edtica de Estado, definida por el gobernador, sobre mejora y acceso a un h\u00e1bitat adecuado para las y los chaque\u00f1os\u201d, expres\u00f3 la ministra Soneira.<br \/>\nLa ministra de Ambiente y Desarrollo Territorial Sostenible Marta Soneira se reuni\u00f3 con vecinos y vecinas de la Chacra 24 de Resistencia para diagramar las acciones en el inicio de un proceso de desarrollo urban\u00edstico en la zona. \u201cEstas acciones son una clara pol\u00edtica de Estado definida por el gobernador Capitanich sobre mejora y acceso a un h\u00e1bitat adecuado para las chaque\u00f1as y los chaque\u00f1os\u201d, expres\u00f3 la funcionaria provincial, quien estuvo acompa\u00f1ada por el subsecretario de Ordenamiento Territorial Alan Strusiat. En esta oportunidad, las partes involucradas realizaron un acta acuerdo para articular acciones en conjunto de avanzar en soluciones habitacionales en esta zona. \u201cSeguimos trabajando en conjunto para brindar m\u00e1s y mejores oportunidades para todos\u201d, remarc\u00f3 Soneira. Actualmente, el Gobierno provincial desarrolla m\u00faltiples acciones y obras de desarrollo urban\u00edstico en distintos puntos de Resistencia. \u201cBuscamos generar un desarrollo urbano de manera organizada y ordenada y que garantice una mejor calidad de vida\u201d, destac\u00f3 la ministra.<\/p>\n<p>La Rubita<\/p>\n<p>El proyecto de urbanizaci\u00f3n de La Rubita plantea sistemas de redes de agua, cloacas, energ\u00eda el\u00e9ctrica y construcci\u00f3n de viviendas para familias, adem\u00e1s de todo el sistema de desag\u00fces pluviales y la delimitaci\u00f3n de espacios verdes y de recreaci\u00f3n. \u201cUna vez concluidas todas las obras, las y los vecinos contar\u00e1n con un barrio integrado a toda la trama urban\u00edstica de Resistencia, pero adem\u00e1s con conexi\u00f3n directa con Barranqueras. Con la regularizaci\u00f3n dominial queremos que las familias que viven en La Rubita tengan al fin garant\u00eda jur\u00eddica sobre el lugar que habitan\u201d, asegur\u00f3.<\/p>\n<p>Proyecto Nuevo Sur<\/p>\n<p>El proyecto Nuevo Sur prev\u00e9 el ordenamiento, urbanizaci\u00f3n y obras de infraestructura en las m\u00e1s de 3600 hect\u00e1reas que integran el ex Campo de Tiro. Se trabaja en la construcci\u00f3n de viviendas junto al Instituto Provincial de Desarrollo Urbano y de Vivienda (IPDUV) y el IAFEP (Instituto de Agricultura Familiar y Econom\u00eda Popular), como as\u00ed tambi\u00e9n 800 lotes con servicios vinculados al Procrear y la urbanizaci\u00f3n de 200 hect\u00e1reas con infraestructura de servicios. \u201cLa planificaci\u00f3n contempla infraestructura b\u00e1sica, la ubicaci\u00f3n de cada una de las familias, la relocalizaci\u00f3n de aquellas que est\u00e1n sobre trazas de calles y la garant\u00eda de los espacios verdes\u201d, finaliz\u00f3 la funcionaria provincial.<\/p><\/div>\n","protected":false},"excerpt":{"rendered":"<p>Se firm\u00f3 un acta acuerdo para articular acciones y avanzar en soluciones habitacionales en la zona. \u201cEstas acciones son una clara pol\u00edtica de Estado, definida por el gobernador, sobre mejora y acceso a un h\u00e1bitat adecuado para las y los chaque\u00f1os\u201d, expres\u00f3 la ministra Soneira. La ministra de Ambiente y Desarrollo Territorial Sostenible Marta Soneira [&hellip;]<\/p>\n","protected":false},"author":1,"featured_media":25360,"comment_status":"closed","ping_status":"closed","sticky":false,"template":"","format":"standard","meta":{"footnotes":""},"categories":[6],"tags":[],"class_list":{"0":"post-25359","1":"post","2":"type-post","3":"status-publish","4":"format-standard","5":"has-post-thumbnail","7":"category-chaco"},"_links":{"self":[{"href":"https:\/\/chacosintesis.com.ar\/index.php\/wp-json\/wp\/v2\/posts\/25359","targetHints":{"allow":["GET"]}}],"collection":[{"href":"https:\/\/chacosintesis.com.ar\/index.php\/wp-json\/wp\/v2\/posts"}],"about":[{"href":"https:\/\/chacosintesis.com.ar\/index.php\/wp-json\/wp\/v2\/types\/post"}],"author":[{"embeddable":true,"href":"https:\/\/chacosintesis.com.ar\/index.php\/wp-json\/wp\/v2\/users\/1"}],"replies":[{"embeddable":true,"href":"https:\/\/chacosintesis.com.ar\/index.php\/wp-json\/wp\/v2\/comments?post=25359"}],"version-history":[{"count":0,"href":"https:\/\/chacosintesis.com.ar\/index.php\/wp-json\/wp\/v2\/posts\/25359\/revisions"}],"wp:featuredmedia":[{"embeddable":true,"href":"https:\/\/chacosintesis.com.ar\/index.php\/wp-json\/wp\/v2\/media\/25360"}],"wp:attachment":[{"href":"https:\/\/chacosintesis.com.ar\/index.php\/wp-json\/wp\/v2\/media?parent=25359"}],"wp:term":[{"taxonomy":"category","embeddable":true,"href":"https:\/\/chacosintesis.com.ar\/index.php\/wp-json\/wp\/v2\/categories?post=25359"},{"taxonomy":"post_tag","embeddable":true,"href":"https:\/\/chacosintesis.com.ar\/index.php\/wp-json\/wp\/v2\/tags?post=25359"}],"curies":[{"name":"wp","href":"https:\/\/api.w.org\/{rel}","templated":true}]}}