{"id":25353,"date":"2023-08-17T14:38:16","date_gmt":"2023-08-17T17:38:16","guid":{"rendered":"https:\/\/chacosintesis.com.ar\/?p=25353"},"modified":"2023-08-17T15:07:06","modified_gmt":"2023-08-17T18:07:06","slug":"sager-fuimos-autores-de-la-ley-que-garantizo-el-financiamiento-de-la-ruta-13","status":"publish","type":"post","link":"https:\/\/chacosintesis.com.ar\/index.php\/sager-fuimos-autores-de-la-ley-que-garantizo-el-financiamiento-de-la-ruta-13\/","title":{"rendered":"Sager: &#8220;Fuimos autores de la ley que garantiz\u00f3 el financiamiento de la ruta 13&#8221;"},"content":{"rendered":"<div class=\"postie-post\">&#8220;Es una obra trascendental que transformar\u00e1 la calidad de vida de todos los pobladores de la regi\u00f3n&#8221;, afirm\u00f3 el diputado provincial Hugo Sager al acompa\u00f1ar, el mi\u00e9rcoles, la inauguraci\u00f3n del tramo de 43 kil\u00f3metros de la ruta provincial 13 entre el empalme con la ruta nacional 11 y Cote Lai, adem\u00e1s de los accesos a esa localidad y a Colonia Baranda.<br \/>\n&#8220;Es una obra trascendental que transformar\u00e1 la calidad de vida de todos los pobladores de la regi\u00f3n&#8221;, afirm\u00f3 el diputado provincial Hugo Sager al acompa\u00f1ar, el mi\u00e9rcoles, la inauguraci\u00f3n del tramo de 43 kil\u00f3metros de la ruta provincial 13 entre el empalme con la ruta nacional 11 y Cote Lai, adem\u00e1s de los accesos a esa localidad y a Colonia Baranda. Valor\u00f3 en esa ocasi\u00f3n, adem\u00e1s, el trabajo para garantizar en lo inmediato la continuidad de la obra hasta Charadai.<br \/>\nEl acto fue encabezado por el gobernador Jorge Capitanich y la vicegobernadora Anal\u00eda Rach Quiroga, junto a autoridades provinciales y locales. \u201cVinimos a acompa\u00f1ar la alegr\u00eda que tiene toda esta gente de tener un nuevo tramo de la ruta habilitado\u201d, dijo el legislador.<br \/>\nEn tal sentido, sostuvo que \u201cla ruta 13 es fundamental por la interconexi\u00f3n de localidades y por ser una alternativa de comunicaci\u00f3n entre la ruta nacional 11 y Villa \u00c1ngela, cuando la obra llegue hasta esa ciudad con nuevas etapas a construir. Es una nueva posibilidad para una amplia regi\u00f3n para llegar a los puertos de la provincia\u201d.<br \/>\nEn esa l\u00ednea, destac\u00f3 que esta habilitaci\u00f3n es una \u201creparaci\u00f3n hist\u00f3rica\u201d a partir de una demanda que surgi\u00f3 en 2017, con la sanci\u00f3n de la Ley 2736-F, en la que dieron una respuesta desde la Legislatura al autorizar al Estado provincial a tomar cr\u00e9ditos para pavimentar esa v\u00eda de uni\u00f3n entre el sudeste y el sudoeste provincial, es decir 170 kil\u00f3metros.<br \/>\n\u201cEn aquel a\u00f1o, junto a la entonces diputada Beatriz Bogado, fuimos autores de la ley que garantiz\u00f3 el financiamiento para esta ruta. En un momento en que se debat\u00edan otras cosas, nosotros antepusimos la necesidad de conectar con una ruta pavimentada a Cote Lai, Charadai y a todos los productores que tiene esta amplia regi\u00f3n. Por eso cuando comenzaron los trabajos, nos emocionamos, y cuando vimos los avances, la construcci\u00f3n de los puentes nos alegramos mucho m\u00e1s\u201d, subray\u00f3 Sager.<br \/>\nParticiparon de la actividad los ministros de Planificaci\u00f3n, Econom\u00eda e Infraestructura, Santiago P\u00e9rez Pons; de Producci\u00f3n, Industria y Empleo, Sebasti\u00e1n Lifton; de Gobierno y Trabajo, Juan Manuel Chapo; y la ministra de Desarrollo Social, Mar\u00eda P\u00eda Chiacchio Cavana. Tambi\u00e9n, el administrador de Vialidad Provincial Hugo Varela y sub-administrador Carlos Navarro, adem\u00e1s de los intendentes Humberto Rodr\u00edguez (Cote Lai) y Eladio Aguirre (Charadai); y los legisladores provinciales Mariela Quir\u00f3s, Claudia Panzardi, Rodrigo Ocampo y Nicol\u00e1s Slimel.<br \/>\nLa obra recientemente inaugurada contempla 43 kil\u00f3metros desde el empalme de la ruta nacional 11 a Cote Lai. Incluye los accesos a Colonia Baranda y Cote Lai y la construcci\u00f3n de tres intersecciones canalizadas en coincidencia con dichos accesos y la que corresponde al empalme de la R.P. N\u00ba 13 y R.N. N\u00ba 11. Adem\u00e1s, se prev\u00e9 la construcci\u00f3n de tres puentes de hormig\u00f3n sobre Arroyo Saladito, R\u00edo Palometa y sobre R\u00edo Palometa en acceso a Cote Lai.<\/div>\n","protected":false},"excerpt":{"rendered":"<p>&#8220;Es una obra trascendental que transformar\u00e1 la calidad de vida de todos los pobladores de la regi\u00f3n&#8221;, afirm\u00f3 el diputado provincial Hugo Sager al acompa\u00f1ar, el mi\u00e9rcoles, la inauguraci\u00f3n del tramo de 43 kil\u00f3metros de la ruta provincial 13 entre el empalme con la ruta nacional 11 y Cote Lai, adem\u00e1s de los accesos a [&hellip;]<\/p>\n","protected":false},"author":1,"featured_media":25354,"comment_status":"closed","ping_status":"closed","sticky":false,"template":"","format":"standard","meta":{"footnotes":""},"categories":[6],"tags":[],"class_list":{"0":"post-25353","1":"post","2":"type-post","3":"status-publish","4":"format-standard","5":"has-post-thumbnail","7":"category-chaco"},"_links":{"self":[{"href":"https:\/\/chacosintesis.com.ar\/index.php\/wp-json\/wp\/v2\/posts\/25353","targetHints":{"allow":["GET"]}}],"collection":[{"href":"https:\/\/chacosintesis.com.ar\/index.php\/wp-json\/wp\/v2\/posts"}],"about":[{"href":"https:\/\/chacosintesis.com.ar\/index.php\/wp-json\/wp\/v2\/types\/post"}],"author":[{"embeddable":true,"href":"https:\/\/chacosintesis.com.ar\/index.php\/wp-json\/wp\/v2\/users\/1"}],"replies":[{"embeddable":true,"href":"https:\/\/chacosintesis.com.ar\/index.php\/wp-json\/wp\/v2\/comments?post=25353"}],"version-history":[{"count":0,"href":"https:\/\/chacosintesis.com.ar\/index.php\/wp-json\/wp\/v2\/posts\/25353\/revisions"}],"wp:featuredmedia":[{"embeddable":true,"href":"https:\/\/chacosintesis.com.ar\/index.php\/wp-json\/wp\/v2\/media\/25354"}],"wp:attachment":[{"href":"https:\/\/chacosintesis.com.ar\/index.php\/wp-json\/wp\/v2\/media?parent=25353"}],"wp:term":[{"taxonomy":"category","embeddable":true,"href":"https:\/\/chacosintesis.com.ar\/index.php\/wp-json\/wp\/v2\/categories?post=25353"},{"taxonomy":"post_tag","embeddable":true,"href":"https:\/\/chacosintesis.com.ar\/index.php\/wp-json\/wp\/v2\/tags?post=25353"}],"curies":[{"name":"wp","href":"https:\/\/api.w.org\/{rel}","templated":true}]}}