{"id":25351,"date":"2023-08-17T14:33:47","date_gmt":"2023-08-17T17:33:47","guid":{"rendered":"https:\/\/chacosintesis.com.ar\/?p=25351"},"modified":"2023-08-17T14:36:56","modified_gmt":"2023-08-17T17:36:56","slug":"ipap-chaco-celebro-los-50-anos-del-instituto-nacional-de-administracion-publica","status":"publish","type":"post","link":"https:\/\/chacosintesis.com.ar\/index.php\/ipap-chaco-celebro-los-50-anos-del-instituto-nacional-de-administracion-publica\/","title":{"rendered":"IPAP Chaco celebr\u00f3 los 50 a\u00f1os del Instituto Nacional de Administraci\u00f3n P\u00fablica"},"content":{"rendered":"<div class=\"postie-post\">El evento, que reuni\u00f3 a representantes del \u00e1mbito p\u00fablico nacional y provincial, celebr\u00f3 el quincuag\u00e9simo aniversario del Instituto Nacional de Administraci\u00f3n P\u00fablica (INAP) con un encuentro organizado por el Instituto Provincial de Administraci\u00f3n P\u00fablica (IPAP) Chaco. Este mi\u00e9rcoles se realiz\u00f3 un agasajo en el Sal\u00f3n de Acuerdos de Casa de Gobierno en conmemoraci\u00f3n de los 50 a\u00f1os del Instituto Nacional de Administraci\u00f3n P\u00fablica (INAP) y en el marco de los 40 a\u00f1os de democracia ininterrumpida en el pa\u00eds. El evento reuni\u00f3 a representantes del \u00e1mbito p\u00fablico nacional y provincial y celebr\u00f3 el quincuag\u00e9simo aniversario del Instituto Nacional de Administraci\u00f3n P\u00fablica (INAP) con un encuentro organizado por el Instituto Provincial de Administraci\u00f3n P\u00fablica (IPAP) Chaco. La actividad resalt\u00f3 la importancia de este hito trascendental en la historia del pa\u00eds y del sector p\u00fablico, marcando cinco d\u00e9cadas de formaci\u00f3n y desarrollo profesional de servidores p\u00fablicos en todo el territorio nacional. En la oportunidad, se repasaron acciones en el \u00e1mbito de la investigaci\u00f3n y capacitaci\u00f3n en las que ambas instituciones vienen trabajando de manera conjunta y se destac\u00f3 la importancia de continuar en el fortalecimiento de la cooperaci\u00f3n interinstitucional y la sinergia entre ambas entidades en beneficio del servicio p\u00fablico y la ciudadan\u00eda. Participaron del agasajo Cristian Rol\u00f3n Motter, presidente del IPAP Chaco, Facundo Kalin vocal de Investigaci\u00f3n y Claudia Soria Ojeda vocal Acad\u00e9mica; Cristian Marenco, director de Investigaci\u00f3n, Tamara Correa, directora de Capacitaci\u00f3n y Mauricio Brugnoli, secretario General del IPAP Chaco, y por parte del gobierno nacional Vilma Paura, directora Nacional del Oferta Acad\u00e9mica de INAP y Horacio Cao, ex director del INAP.<\/div>\n","protected":false},"excerpt":{"rendered":"<p>El evento, que reuni\u00f3 a representantes del \u00e1mbito p\u00fablico nacional y provincial, celebr\u00f3 el quincuag\u00e9simo aniversario del Instituto Nacional de Administraci\u00f3n P\u00fablica (INAP) con un encuentro organizado por el Instituto Provincial de Administraci\u00f3n P\u00fablica (IPAP) Chaco. Este mi\u00e9rcoles se realiz\u00f3 un agasajo en el Sal\u00f3n de Acuerdos de Casa de Gobierno en conmemoraci\u00f3n de los [&hellip;]<\/p>\n","protected":false},"author":1,"featured_media":25352,"comment_status":"closed","ping_status":"closed","sticky":false,"template":"","format":"standard","meta":{"footnotes":""},"categories":[6],"tags":[],"class_list":{"0":"post-25351","1":"post","2":"type-post","3":"status-publish","4":"format-standard","5":"has-post-thumbnail","7":"category-chaco"},"_links":{"self":[{"href":"https:\/\/chacosintesis.com.ar\/index.php\/wp-json\/wp\/v2\/posts\/25351","targetHints":{"allow":["GET"]}}],"collection":[{"href":"https:\/\/chacosintesis.com.ar\/index.php\/wp-json\/wp\/v2\/posts"}],"about":[{"href":"https:\/\/chacosintesis.com.ar\/index.php\/wp-json\/wp\/v2\/types\/post"}],"author":[{"embeddable":true,"href":"https:\/\/chacosintesis.com.ar\/index.php\/wp-json\/wp\/v2\/users\/1"}],"replies":[{"embeddable":true,"href":"https:\/\/chacosintesis.com.ar\/index.php\/wp-json\/wp\/v2\/comments?post=25351"}],"version-history":[{"count":0,"href":"https:\/\/chacosintesis.com.ar\/index.php\/wp-json\/wp\/v2\/posts\/25351\/revisions"}],"wp:featuredmedia":[{"embeddable":true,"href":"https:\/\/chacosintesis.com.ar\/index.php\/wp-json\/wp\/v2\/media\/25352"}],"wp:attachment":[{"href":"https:\/\/chacosintesis.com.ar\/index.php\/wp-json\/wp\/v2\/media?parent=25351"}],"wp:term":[{"taxonomy":"category","embeddable":true,"href":"https:\/\/chacosintesis.com.ar\/index.php\/wp-json\/wp\/v2\/categories?post=25351"},{"taxonomy":"post_tag","embeddable":true,"href":"https:\/\/chacosintesis.com.ar\/index.php\/wp-json\/wp\/v2\/tags?post=25351"}],"curies":[{"name":"wp","href":"https:\/\/api.w.org\/{rel}","templated":true}]}}