{"id":25347,"date":"2023-08-17T14:26:33","date_gmt":"2023-08-17T17:26:33","guid":{"rendered":"https:\/\/chacosintesis.com.ar\/?p=25347"},"modified":"2023-08-17T14:36:43","modified_gmt":"2023-08-17T17:36:43","slug":"este-jueves-comienzan-las-jornadas-provinciales-de-investigacion","status":"publish","type":"post","link":"https:\/\/chacosintesis.com.ar\/index.php\/este-jueves-comienzan-las-jornadas-provinciales-de-investigacion\/","title":{"rendered":"Este jueves comienzan las Jornadas Provinciales de Investigaci\u00f3n"},"content":{"rendered":"<div class=\"postie-post\">Se abordar\u00e1n tres ejes tem\u00e1ticos: gesti\u00f3n e innovaci\u00f3n en el sector p\u00fablico, educaci\u00f3n e innovaci\u00f3n en el nivel superior e investigaci\u00f3n, desarrollo y transferencia.<br \/>\nEl Gobierno provincial desarrolla las Jornadas Provinciales de Investigaci\u00f3n. La iniciativa, que tendr\u00e1 lugar este jueves 17 y viernes 18 de agosto en la localidad de S\u00e1enz Pe\u00f1a, es organizada desde el Instituto Provincial de Administraci\u00f3n P\u00fablica (IPAP) en conjunto con la Universidad del Chaco Austral (Uncaus) y el Ministerio de Educaci\u00f3n de la provincia. Las jornadas tienen como objetivo contribuir a la divulgaci\u00f3n del labor profesional docente, cient\u00edfico y tecnol\u00f3gico de las y los investigadores de la provincia, exponiendo los trabajos que realizan, ya sea in\u00e9ditos o que hayan sido exhibidos en congresos y jornadas nacionales e internacionales de su especialidad. A su vez, se busca impulsar cambios positivos y fortalecer la capacidad de la provincia para enfrentar los retos y aprovechar las oportunidades que surgen en el \u00e1mbito de la gesti\u00f3n p\u00fablica a trav\u00e9s de la innovaci\u00f3n. Se abordar\u00e1n tres ejes tem\u00e1ticos, determinados para la presentaci\u00f3n de trabajos de investigaci\u00f3n: \u201cInvestigaci\u00f3n, desarrollo y transferencia\u201d, \u201cEducaci\u00f3n e innovaci\u00f3n en el nivel superior\u201d y \u201cGesti\u00f3n e Innovaci\u00f3n en el Sector P\u00fablico\u201d. Las y los destinatarios de las jornadas son: docentes investigadores de Universidades nacionales, docentes del nivel superior, investigadores\/as de la administraci\u00f3n p\u00fablica provincial, becarios de investigaci\u00f3n y organizaciones sociales del Estado Nacional, Provincial y Municipal. Las jornadas est\u00e1n divididas en dos momentos: por la ma\u00f1ana en un espacio de conferencias magistrales y por la tarde con mesas de exposici\u00f3n de trabajos enviados por parte de los tres ejes propuestos. En suma, m\u00e1s de 120 trabajos fueron enviados, analizados y puestos en valor para ser expuestos y publicados en un dossier posterior a las Jornadas que se publicar\u00e1 en los pr\u00f3ximos meses con autores de distintas partes del pa\u00eds: Buenos Aires, Mendoza, Salta, Corrientes, Formosa, Santiago del Estero, C\u00f3rdoba y por supuesto Chaco. Las exposiciones y conferencias se transmitir\u00e1n en vivo por Youtube para quienes deseen seguir las tem\u00e1ticas de mayor inter\u00e9s referidas a investigaci\u00f3n.<\/p>\n<p>Programa<\/p>\n<p>Jueves 17 de agosto &#8211; 8.30 hs: Acreditaci\u00f3n. &#8211; 9.00 hs: Apertura de Autoridades con Presidente de IPAP, Ministro de Educaci\u00f3n, Secretario Administrativo de UNCAUS. &#8211; 9.30hs: Vilma Paura (Directora Nacional de Oferta Acad\u00e9mica) presencial desde UNCAus y Ana Castellani (Secretar\u00eda de Gesti\u00f3n y Empleo P\u00fablico) virtual desde Bs.As. &#8211; 10.30hs: Veronica Piovanni y Favio Alvarenga. &#8211; 11.30hs: Ponencia de Horacio Cao del Cuerpo de Administradores Gubernamentales de la Jefatura de Gabinete de Naci\u00f3n. &#8211; 12.30hs: Break. &#8211; 14hs a 17hs: Mesa de Trabajo : la presentaci\u00f3n de los mismos se extiende de 14 a 17hs. intercalando los 3 ejes participantes.<br \/>\n Viernes 18 de agosto &#8211; 8:30hs: Acreditaciones &#8211; 09hs: Ponencia UNCAUS. Ponencia de Dr. Pedro Dar\u00edo Zapata (secretario general de CyT de la UNAM, Investigador Categor\u00eda I, Inv. Independiente CONICET). &#8211; 10hs:Conversatorio de Prof. Vilma Beatriz Herrera; Alicia Gladys R\u00edos; Rub\u00e9n Oscar Ram\u00edrez; Eugenio Ramon Paulone e Hilda Dora Sosa, Laura Cayre. Rectores de los Institutos de Educaci\u00f3n Superior de la Provincia de Chaco y Prof. Lilian Ben\u00edtez (Direcci\u00f3n de Curr\u00edculo-MECCyT): &#8211; 11hs: Break. &#8211; 12.00hs: Ponencia UNCAUS. Ponencia de la Dra. Mar\u00eda Cristina Area, Inv. Principal CONICET, directora del Centro Cient\u00edfico Tecnol\u00f3gico CONICET Nordeste.(CCT Nordeste). &#8211; 13.00hs: Clausura a cargo del Comit\u00e9 Organizador de Jornadas Provinciales de Investigaci\u00f3n. &#8211; 14.00hs: Finalizaci\u00f3n.<\/p>\n<p>Fundamentaci\u00f3n de las jornadas<\/p>\n<p>En el marco de la Agenda 2030, las Jornadas Provinciales de Investigaci\u00f3n (JPI) constituyen un espacio de construcci\u00f3n y debate colectivo acerca del desarrollo de indagaci\u00f3n, producci\u00f3n y conocimiento, como tambi\u00e9n, una aproximaci\u00f3n a problem\u00e1ticas sociales de nuestro contexto regional y local actual. Estas JPI tendr\u00e1n como abordaje una puesta en valor de manera conjunta con las Instituciones organizadoras y participantes mencionadas anteriormente, cuyo fin es reflejar y potenciar las actividades de investigaci\u00f3n que vienen desarroll\u00e1ndose en el \u00e1rea de las Ciencias Sociales, Ciencias Exactas y sus diferentes disciplinas. Es importante remarcar que los participantes en calidad de expositores y asistentes a estas jornadas recibir\u00e1n certificaci\u00f3n expedida por las tres instituciones organizadoras; de UNCAUS, IPAP y MECCyT.<\/p><\/div>\n","protected":false},"excerpt":{"rendered":"<p>Se abordar\u00e1n tres ejes tem\u00e1ticos: gesti\u00f3n e innovaci\u00f3n en el sector p\u00fablico, educaci\u00f3n e innovaci\u00f3n en el nivel superior e investigaci\u00f3n, desarrollo y transferencia. El Gobierno provincial desarrolla las Jornadas Provinciales de Investigaci\u00f3n. La iniciativa, que tendr\u00e1 lugar este jueves 17 y viernes 18 de agosto en la localidad de S\u00e1enz Pe\u00f1a, es organizada desde [&hellip;]<\/p>\n","protected":false},"author":1,"featured_media":25348,"comment_status":"closed","ping_status":"closed","sticky":false,"template":"","format":"standard","meta":{"footnotes":""},"categories":[6],"tags":[],"class_list":{"0":"post-25347","1":"post","2":"type-post","3":"status-publish","4":"format-standard","5":"has-post-thumbnail","7":"category-chaco"},"_links":{"self":[{"href":"https:\/\/chacosintesis.com.ar\/index.php\/wp-json\/wp\/v2\/posts\/25347","targetHints":{"allow":["GET"]}}],"collection":[{"href":"https:\/\/chacosintesis.com.ar\/index.php\/wp-json\/wp\/v2\/posts"}],"about":[{"href":"https:\/\/chacosintesis.com.ar\/index.php\/wp-json\/wp\/v2\/types\/post"}],"author":[{"embeddable":true,"href":"https:\/\/chacosintesis.com.ar\/index.php\/wp-json\/wp\/v2\/users\/1"}],"replies":[{"embeddable":true,"href":"https:\/\/chacosintesis.com.ar\/index.php\/wp-json\/wp\/v2\/comments?post=25347"}],"version-history":[{"count":0,"href":"https:\/\/chacosintesis.com.ar\/index.php\/wp-json\/wp\/v2\/posts\/25347\/revisions"}],"wp:featuredmedia":[{"embeddable":true,"href":"https:\/\/chacosintesis.com.ar\/index.php\/wp-json\/wp\/v2\/media\/25348"}],"wp:attachment":[{"href":"https:\/\/chacosintesis.com.ar\/index.php\/wp-json\/wp\/v2\/media?parent=25347"}],"wp:term":[{"taxonomy":"category","embeddable":true,"href":"https:\/\/chacosintesis.com.ar\/index.php\/wp-json\/wp\/v2\/categories?post=25347"},{"taxonomy":"post_tag","embeddable":true,"href":"https:\/\/chacosintesis.com.ar\/index.php\/wp-json\/wp\/v2\/tags?post=25347"}],"curies":[{"name":"wp","href":"https:\/\/api.w.org\/{rel}","templated":true}]}}