{"id":25333,"date":"2023-08-16T16:27:18","date_gmt":"2023-08-16T19:27:18","guid":{"rendered":"https:\/\/chacosintesis.com.ar\/?p=25333"},"modified":"2023-08-16T16:39:10","modified_gmt":"2023-08-16T19:39:10","slug":"quedo-inaugurada-la-ruta-provincial-n-13-logramos-el-sueno-que-tanto-queriamos-destacan-los-vecinos","status":"publish","type":"post","link":"https:\/\/chacosintesis.com.ar\/index.php\/quedo-inaugurada-la-ruta-provincial-n-13-logramos-el-sueno-que-tanto-queriamos-destacan-los-vecinos\/","title":{"rendered":"Qued\u00f3 inaugurada la Ruta Provincial N\u00b0 13: \u201cLogramos el sue\u00f1o que tanto quer\u00edamos\u201d, destacan los vecinos"},"content":{"rendered":"<div class=\"postie-post\">Este mi\u00e9rcoles por la ma\u00f1ana se oficializ\u00f3 la inauguraci\u00f3n de la Ruta Provincial N\u00b0 13 en la localidad de Cote Lai, una obra de 43,44 kil\u00f3metros de pavimentaci\u00f3n que tuvo una inversi\u00f3n de $5.511.120.266,27 con un aporte directo del Gobierno Provincial y fondos gestionados ante Fonplata. El corte de cinta estuvo a cargo del gobernador Jorge Capitanich, la vicegobernadora Anal\u00eda Rach Quiroga y el presidente de Vialidad Provincial, Hugo Varela.<br \/>\n\u201cEstamos muy felices, consustanciados. Es una felicidad inmensa. Hoy hace 17 a\u00f1os que estuvimos en Vialidad Nacional hablando de este proyecto, donde se form\u00f3. Para Cote Lai es algo lindo, genera expectativa de crecimiento\u201d, manifest\u00f3 el intendente de Cote Lai, Humberto Rodr\u00edguez.<br \/>\nEl Proyecto consisti\u00f3 en la construcci\u00f3n de obras b\u00e1sicas y pavimento de la Ruta Provincial N\u00ba 13 en los tramos del empalme con Ruta Nacional N\u00ba 11 y con Ruta Nacional N\u00ba 95 secci\u00f3n 1, donde se incluyen los accesos a Colonia Baranda y Cote Lai, m\u00e1s la construcci\u00f3n de 3 intersecciones canalizadas en coincidencia con dichos accesos. Adem\u00e1s, se prev\u00e9 la construcci\u00f3n de 3 puentes de Hormig\u00f3n sobre el arroyo \u201cSaladito\u201d, el R\u00edo \u201cPalometa\u201d y sobre este en el acceso a Cote Lai.<br \/>\nA su vez, el intendente destac\u00f3 que \u201cgracias a la gesti\u00f3n e impronta del gobernador vemos coronado esta obra encomiable que permiti\u00f3 generar fuente de trabajo en muchos aspectos que ayud\u00f3 a la econom\u00eda local\u201d. \u201cLa obra p\u00fablica bien administrada es progreso para los pueblos, nosotros lo hemos visto a partir de lo que es la ruta, la obra mayoritaria, y hemos podido realizar much\u00edsimas viviendas. Bien administrado son planes que funcionan bien\u201d, concluy\u00f3.<br \/>\nRita Guti\u00e9rrez, pobladora de la zona de 62 a\u00f1os de edad record\u00f3, entre l\u00e1grimas, que esta obra es un anhelo hist\u00f3rico de generaciones anteriores y que ahora puede cumplirse: \u201cMis padres quer\u00edan conocer la ruta, siempre dec\u00edan que iban a morir y no iban a poder conocer. Estoy agradecida, esta ruta nos hace mucha falta, cuando sal\u00edan ambulancias los enfermos se quedaban en el camino. Logramos este sue\u00f1o que tanto quer\u00edamos\u201d.<br \/>\nCarlos Acevedo, otro vecino de la zona, asegur\u00f3 que esto \u201cnos cambia la vida en todo\u201d, y plante\u00f3 que permitir\u00e1 mayor fluidez en el ingreso de las mercader\u00edas, ambulancias y dem\u00e1s cuestiones para cubrir las demandas. En tanto, Rosa S\u00e1nchez, destac\u00f3 que \u201chace muchos a\u00f1os que esperaba ver la ruta\u201d.<\/p>\n<p>\u201cTen\u00edamos el deseo de que esto se asfalte\u201d<br \/>\nEladio Aguirre, intendente de Charadai, otra de las localidades beneficiadas con la obra, coment\u00f3 que \u201cdesde 2007 ten\u00edamos el deseo de que esto se asfalte\u201d, y explic\u00f3 que \u201catravesar esta regi\u00f3n requer\u00eda una decisi\u00f3n corajuda y pol\u00edtica, porque era altamente costoso, pero la decisi\u00f3n pol\u00edtica se impuso a la econ\u00f3mica\u201d.<br \/>\n\u201cPor la doctrina que abraza el gobernador ha hecho que la decisi\u00f3n pol\u00edtica condujera a la econom\u00eda, invertir para obtener una renta. Ac\u00e1, la renta se busca en la atenci\u00f3n, en un orden del sentido humano y social. Las decisiones pol\u00edticas tienen que conducir a las econ\u00f3micas y debemos seguir avanzando con este proyecto inclusivo, pol\u00edtico y humanista\u201d, finaliz\u00f3.<\/p><\/div>\n","protected":false},"excerpt":{"rendered":"<p>Este mi\u00e9rcoles por la ma\u00f1ana se oficializ\u00f3 la inauguraci\u00f3n de la Ruta Provincial N\u00b0 13 en la localidad de Cote Lai, una obra de 43,44 kil\u00f3metros de pavimentaci\u00f3n que tuvo una inversi\u00f3n de $5.511.120.266,27 con un aporte directo del Gobierno Provincial y fondos gestionados ante Fonplata. El corte de cinta estuvo a cargo del gobernador [&hellip;]<\/p>\n","protected":false},"author":1,"featured_media":25334,"comment_status":"closed","ping_status":"closed","sticky":false,"template":"","format":"standard","meta":{"footnotes":""},"categories":[6],"tags":[],"class_list":{"0":"post-25333","1":"post","2":"type-post","3":"status-publish","4":"format-standard","5":"has-post-thumbnail","7":"category-chaco"},"_links":{"self":[{"href":"https:\/\/chacosintesis.com.ar\/index.php\/wp-json\/wp\/v2\/posts\/25333","targetHints":{"allow":["GET"]}}],"collection":[{"href":"https:\/\/chacosintesis.com.ar\/index.php\/wp-json\/wp\/v2\/posts"}],"about":[{"href":"https:\/\/chacosintesis.com.ar\/index.php\/wp-json\/wp\/v2\/types\/post"}],"author":[{"embeddable":true,"href":"https:\/\/chacosintesis.com.ar\/index.php\/wp-json\/wp\/v2\/users\/1"}],"replies":[{"embeddable":true,"href":"https:\/\/chacosintesis.com.ar\/index.php\/wp-json\/wp\/v2\/comments?post=25333"}],"version-history":[{"count":0,"href":"https:\/\/chacosintesis.com.ar\/index.php\/wp-json\/wp\/v2\/posts\/25333\/revisions"}],"wp:featuredmedia":[{"embeddable":true,"href":"https:\/\/chacosintesis.com.ar\/index.php\/wp-json\/wp\/v2\/media\/25334"}],"wp:attachment":[{"href":"https:\/\/chacosintesis.com.ar\/index.php\/wp-json\/wp\/v2\/media?parent=25333"}],"wp:term":[{"taxonomy":"category","embeddable":true,"href":"https:\/\/chacosintesis.com.ar\/index.php\/wp-json\/wp\/v2\/categories?post=25333"},{"taxonomy":"post_tag","embeddable":true,"href":"https:\/\/chacosintesis.com.ar\/index.php\/wp-json\/wp\/v2\/tags?post=25333"}],"curies":[{"name":"wp","href":"https:\/\/api.w.org\/{rel}","templated":true}]}}