{"id":253328,"date":"2026-08-06T21:45:00","date_gmt":"2026-08-07T00:45:00","guid":{"rendered":"https:\/\/chacosintesis.com.ar\/?p=253328"},"modified":"2026-08-07T19:29:09","modified_gmt":"2026-08-07T22:29:09","slug":"delgado-participo-de-la-inauguracion-de-la-galeria-de-los-gobernadores-en-casa-de-gobierno","status":"publish","type":"post","link":"https:\/\/chacosintesis.com.ar\/index.php\/delgado-participo-de-la-inauguracion-de-la-galeria-de-los-gobernadores-en-casa-de-gobierno\/","title":{"rendered":"Delgado particip\u00f3 de la inauguraci\u00f3n de la Galer\u00eda de los Gobernadores en Casa de Gobierno"},"content":{"rendered":"\n<p class=\"wp-block-paragraph\">La presidente de la C\u00e1mara de Diputados del Chaco, Carmen Delgado, acompa\u00f1\u00f3 este jueves al gobernador Leandro Zdero en la inauguraci\u00f3n de la Galer\u00eda de los Gobernadores, un espacio institucional destinado a preservar la memoria de los gobernadores constitucionales y reafirmar los valores democr\u00e1ticos que marcaron la historia de la provincia, en el marco del 75.\u00ba aniversario de la Provincializaci\u00f3n del Chaco.<\/p>\n\n\n\n<figure class=\"wp-block-image size-full\"><img loading=\"lazy\" loading=\"lazy\" decoding=\"async\" width=\"1280\" height=\"854\" src=\"https:\/\/chacosintesis.com.ar\/wp-content\/uploads\/2026\/08\/WhatsApp-Image-2026-08-06-at-19.56.14.jpeg\" alt=\"\" class=\"wp-image-253329\" srcset=\"https:\/\/chacosintesis.com.ar\/wp-content\/uploads\/2026\/08\/WhatsApp-Image-2026-08-06-at-19.56.14.jpeg 1280w, https:\/\/chacosintesis.com.ar\/wp-content\/uploads\/2026\/08\/WhatsApp-Image-2026-08-06-at-19.56.14-768x512.jpeg 768w, https:\/\/chacosintesis.com.ar\/wp-content\/uploads\/2026\/08\/WhatsApp-Image-2026-08-06-at-19.56.14-330x220.jpeg 330w, https:\/\/chacosintesis.com.ar\/wp-content\/uploads\/2026\/08\/WhatsApp-Image-2026-08-06-at-19.56.14-420x280.jpeg 420w, https:\/\/chacosintesis.com.ar\/wp-content\/uploads\/2026\/08\/WhatsApp-Image-2026-08-06-at-19.56.14-615x410.jpeg 615w, https:\/\/chacosintesis.com.ar\/wp-content\/uploads\/2026\/08\/WhatsApp-Image-2026-08-06-at-19.56.14-860x574.jpeg 860w\" sizes=\"auto, (max-width: 1280px) 100vw, 1280px\" \/><\/figure>\n\n\n\n<p class=\"wp-block-paragraph\">Del acto tambi\u00e9n participaron el Presidente del Superior Tribunal de Justicia, Dr. Enrique Varela, el presidente del Instituto de Cultura, Mario Zorrilla; la vicepresidenta del organismo, Daniela Valdez; el intendente de Resistencia, Roy Nikisch; la ministra de Educaci\u00f3n, Sof\u00eda Naidenoff; adem\u00e1s de ministros y funcionarios del Poder Ejecutivo provincial.<\/p>\n\n\n\n<figure class=\"wp-block-image size-full\"><img loading=\"lazy\" loading=\"lazy\" decoding=\"async\" width=\"1521\" height=\"1014\" src=\"https:\/\/chacosintesis.com.ar\/wp-content\/uploads\/2026\/08\/WhatsApp-Image-2026-08-06-at-19.56.13.jpeg\" alt=\"\" class=\"wp-image-253330\" srcset=\"https:\/\/chacosintesis.com.ar\/wp-content\/uploads\/2026\/08\/WhatsApp-Image-2026-08-06-at-19.56.13.jpeg 1521w, https:\/\/chacosintesis.com.ar\/wp-content\/uploads\/2026\/08\/WhatsApp-Image-2026-08-06-at-19.56.13-768x512.jpeg 768w, https:\/\/chacosintesis.com.ar\/wp-content\/uploads\/2026\/08\/WhatsApp-Image-2026-08-06-at-19.56.13-330x220.jpeg 330w, https:\/\/chacosintesis.com.ar\/wp-content\/uploads\/2026\/08\/WhatsApp-Image-2026-08-06-at-19.56.13-420x280.jpeg 420w, https:\/\/chacosintesis.com.ar\/wp-content\/uploads\/2026\/08\/WhatsApp-Image-2026-08-06-at-19.56.13-615x410.jpeg 615w, https:\/\/chacosintesis.com.ar\/wp-content\/uploads\/2026\/08\/WhatsApp-Image-2026-08-06-at-19.56.13-860x573.jpeg 860w\" sizes=\"auto, (max-width: 1521px) 100vw, 1521px\" \/><\/figure>\n\n\n\n<p class=\"wp-block-paragraph\">Durante la inauguraci\u00f3n, Zorrilla explic\u00f3 que la Galer\u00eda de los Gobernadores, ubicada en el entrepiso de la Casa de Gobierno, fue concebida como \u201cun espacio institucional de memoria democr\u00e1tica\u201d que, a trav\u00e9s de fotograf\u00edas y retratos, representa los distintos per\u00edodos democr\u00e1ticos que atraves\u00f3 la provincia.<\/p>\n\n\n\n<p class=\"wp-block-paragraph\">La propuesta busca integrar el patrimonio hist\u00f3rico con el arte y la cultura, articulando este nuevo espacio con el mural interpretativo de Emilio Pettoruti. En ese sentido, adelantaron que el recorrido incluir\u00e1 una galer\u00eda destinada a exhibir obras de artistas emergentes de la Argentina, cuya muestra ser\u00e1 renovada de manera permanente.<\/p>\n","protected":false},"excerpt":{"rendered":"<p>La presidente de la C\u00e1mara de Diputados del Chaco, Carmen Delgado, acompa\u00f1\u00f3 este jueves al gobernador Leandro Zdero en la inauguraci\u00f3n de la Galer\u00eda de los Gobernadores, un espacio institucional destinado a preservar la memoria de los gobernadores constitucionales y reafirmar los valores democr\u00e1ticos que marcaron la historia de la provincia, en el marco del [&hellip;]<\/p>\n","protected":false},"author":10001,"featured_media":253331,"comment_status":"closed","ping_status":"closed","sticky":false,"template":"","format":"standard","meta":{"footnotes":""},"categories":[6],"tags":[202],"class_list":["post-253328","post","type-post","status-publish","format-standard","has-post-thumbnail","category-chaco","tag-legislatura"],"_links":{"self":[{"href":"https:\/\/chacosintesis.com.ar\/index.php\/wp-json\/wp\/v2\/posts\/253328","targetHints":{"allow":["GET"]}}],"collection":[{"href":"https:\/\/chacosintesis.com.ar\/index.php\/wp-json\/wp\/v2\/posts"}],"about":[{"href":"https:\/\/chacosintesis.com.ar\/index.php\/wp-json\/wp\/v2\/types\/post"}],"author":[{"embeddable":true,"href":"https:\/\/chacosintesis.com.ar\/index.php\/wp-json\/wp\/v2\/users\/10001"}],"replies":[{"embeddable":true,"href":"https:\/\/chacosintesis.com.ar\/index.php\/wp-json\/wp\/v2\/comments?post=253328"}],"version-history":[{"count":1,"href":"https:\/\/chacosintesis.com.ar\/index.php\/wp-json\/wp\/v2\/posts\/253328\/revisions"}],"predecessor-version":[{"id":253333,"href":"https:\/\/chacosintesis.com.ar\/index.php\/wp-json\/wp\/v2\/posts\/253328\/revisions\/253333"}],"wp:featuredmedia":[{"embeddable":true,"href":"https:\/\/chacosintesis.com.ar\/index.php\/wp-json\/wp\/v2\/media\/253331"}],"wp:attachment":[{"href":"https:\/\/chacosintesis.com.ar\/index.php\/wp-json\/wp\/v2\/media?parent=253328"}],"wp:term":[{"taxonomy":"category","embeddable":true,"href":"https:\/\/chacosintesis.com.ar\/index.php\/wp-json\/wp\/v2\/categories?post=253328"},{"taxonomy":"post_tag","embeddable":true,"href":"https:\/\/chacosintesis.com.ar\/index.php\/wp-json\/wp\/v2\/tags?post=253328"}],"curies":[{"name":"wp","href":"https:\/\/api.w.org\/{rel}","templated":true}]}}