{"id":25327,"date":"2023-08-16T16:14:13","date_gmt":"2023-08-16T19:14:13","guid":{"rendered":"https:\/\/chacosintesis.com.ar\/?p=25327"},"modified":"2023-08-16T16:38:53","modified_gmt":"2023-08-16T19:38:53","slug":"los-trabajadoras-y-trabajadoras-del-estado-provincial-percibiran-este-viernes-el-refrigerio","status":"publish","type":"post","link":"https:\/\/chacosintesis.com.ar\/index.php\/los-trabajadoras-y-trabajadoras-del-estado-provincial-percibiran-este-viernes-el-refrigerio\/","title":{"rendered":"Los trabajadoras y trabajadoras del Estado provincial percibir\u00e1n este viernes el Refrigerio"},"content":{"rendered":"<div class=\"postie-post\">El Ministerio de Planificaci\u00f3n, Econom\u00eda e Infraestructura inform\u00f3 que este viernes 18 de agosto se abonar\u00e1 el Refrigerio a las y los trabajadores activos de la administraci\u00f3n p\u00fablica provincial. Como se realiz\u00f3 el mes anterior, el Refrigerio ser\u00e1 de $32.500 y estar\u00e1 disponible en la tarjeta Tuya Recargable del Nuevo Banco del Chaco. \u201cSeguimos cumpliendo con el pago en tiempo y forma de los salarios para dar previsibilidad a las y los trabajadores\u201d, se\u00f1al\u00f3 el ministro Santiago P\u00e9rez Pons y destac\u00f3 el camino de recomposici\u00f3n salarial que ha llevado adelante el gobierno provincial para este sector. En el concepto de Refrigerio se aplicaron progresivamente distintos incrementos: una primera etapa, de $8.000, pasando de $16.500 a $24.500. Luego se sumaron $4.000, alcanzando $28.500. En la tercera etapa, un aumento de $4.000, lo que signific\u00f3 pasar de $28.500 a $32.500. De esta manera, en tres meses pr\u00e1cticamente se duplic\u00f3 el valor del Refrigerio. Esto forma parte del aumento planificado en tres etapas para acompa\u00f1ar el proceso de recomposici\u00f3n salarial previsto para 2023, acordado con todos los sindicatos estatales, e implica una pol\u00edtica p\u00fablica comprometida con el prop\u00f3sito de que los salarios le ganen a la inflaci\u00f3n.<\/div>\n","protected":false},"excerpt":{"rendered":"<p>El Ministerio de Planificaci\u00f3n, Econom\u00eda e Infraestructura inform\u00f3 que este viernes 18 de agosto se abonar\u00e1 el Refrigerio a las y los trabajadores activos de la administraci\u00f3n p\u00fablica provincial. Como se realiz\u00f3 el mes anterior, el Refrigerio ser\u00e1 de $32.500 y estar\u00e1 disponible en la tarjeta Tuya Recargable del Nuevo Banco del Chaco. \u201cSeguimos cumpliendo [&hellip;]<\/p>\n","protected":false},"author":1,"featured_media":25328,"comment_status":"closed","ping_status":"closed","sticky":false,"template":"","format":"standard","meta":{"footnotes":""},"categories":[6],"tags":[],"class_list":{"0":"post-25327","1":"post","2":"type-post","3":"status-publish","4":"format-standard","5":"has-post-thumbnail","7":"category-chaco"},"_links":{"self":[{"href":"https:\/\/chacosintesis.com.ar\/index.php\/wp-json\/wp\/v2\/posts\/25327","targetHints":{"allow":["GET"]}}],"collection":[{"href":"https:\/\/chacosintesis.com.ar\/index.php\/wp-json\/wp\/v2\/posts"}],"about":[{"href":"https:\/\/chacosintesis.com.ar\/index.php\/wp-json\/wp\/v2\/types\/post"}],"author":[{"embeddable":true,"href":"https:\/\/chacosintesis.com.ar\/index.php\/wp-json\/wp\/v2\/users\/1"}],"replies":[{"embeddable":true,"href":"https:\/\/chacosintesis.com.ar\/index.php\/wp-json\/wp\/v2\/comments?post=25327"}],"version-history":[{"count":0,"href":"https:\/\/chacosintesis.com.ar\/index.php\/wp-json\/wp\/v2\/posts\/25327\/revisions"}],"wp:featuredmedia":[{"embeddable":true,"href":"https:\/\/chacosintesis.com.ar\/index.php\/wp-json\/wp\/v2\/media\/25328"}],"wp:attachment":[{"href":"https:\/\/chacosintesis.com.ar\/index.php\/wp-json\/wp\/v2\/media?parent=25327"}],"wp:term":[{"taxonomy":"category","embeddable":true,"href":"https:\/\/chacosintesis.com.ar\/index.php\/wp-json\/wp\/v2\/categories?post=25327"},{"taxonomy":"post_tag","embeddable":true,"href":"https:\/\/chacosintesis.com.ar\/index.php\/wp-json\/wp\/v2\/tags?post=25327"}],"curies":[{"name":"wp","href":"https:\/\/api.w.org\/{rel}","templated":true}]}}