{"id":25323,"date":"2023-08-16T16:03:34","date_gmt":"2023-08-16T19:03:34","guid":{"rendered":"https:\/\/chacosintesis.com.ar\/?p=25323"},"modified":"2023-08-16T16:07:41","modified_gmt":"2023-08-16T19:07:41","slug":"invitan-a-la-comunidad-a-participar-de-las-jornadas-por-los-40-anos-de-democracia","status":"publish","type":"post","link":"https:\/\/chacosintesis.com.ar\/index.php\/invitan-a-la-comunidad-a-participar-de-las-jornadas-por-los-40-anos-de-democracia\/","title":{"rendered":"Invitan a la comunidad a participar de las Jornadas por los 40 a\u00f1os de Democracia"},"content":{"rendered":"<div class=\"postie-post\">Las jornadas se realizar\u00e1n bajo la consigna \u201cDemocracia y Justicia: 40 a\u00f1os de reflexi\u00f3n\u201d se realizar\u00e1 en la sede del ENCA (Escuela de Negocios de la Universidad del Chaco Austral) en Resistencia. \u201cEl objetivo es reflexionar y discutir sobre los 40 a\u00f1os de Democracia en un contexto complejo\u201d, dijo el Defensor del Pueblo, Bernardo Voloj. Ser\u00e1n de acceso libre y gratuito.<br \/>\nEl Defensor del Pueblo de la provincia del Chaco, Bernardo Voloj, invit\u00f3 a la comunidad a participar de la serie de jornadas por los 40 a\u00f1os de Democracia.<br \/>\nEn declaraciones a Radio Provincia del Chaco, el Defensor del Pueblo, Bernardo Voloj adelant\u00f3 que bajo el lema &#8220;Democracia y Justicia: 40 a\u00f1os de reflexi\u00f3n&#8221;, se buscar\u00e1 explorar el papel que ha desempe\u00f1ado la Justicia en estas cuatro d\u00e9cadas,<br \/>\nLas jornadas se realizar\u00e1n en la sede del ENCA (Escuela de Negocios de la Universidad Chaco Austral) en Resistencia. Seran dos jornadas, la primera el 22 de agosto a las 16,30 y la segunda en el transcurso de septiembre.<br \/>\n\u201cEl objetivo es reflexionar y discutir sobre los 40 a\u00f1os de Democracia en un contexto complejo, donde una gran parte de la sociedad se siente distante de los valores democr\u00e1ticos y de la clase pol\u00edtica\u201d, dijo Voloj.<br \/>\nEl evento, titulado &#8220;Democracia y Justicia: 40 a\u00f1os de reflexi\u00f3n&#8221;, explorar\u00e1 el papel que ha desempe\u00f1ado la Justicia en estas cuatro d\u00e9cadas, evaluando lo que se ha hecho bien, lo que se ha hecho mal y qu\u00e9 correcciones son necesarias.<br \/>\nEl Defensor del Pueblo dijo que se har\u00e1 hincapi\u00e9 en los derechos humanos, ya que la vuelta a la democracia el 10 de diciembre de 1983 &#8211; D\u00eda Internacional de los Derechos Humanos- marc\u00f3 un llamamiento importante hacia la reflexi\u00f3n y la adquisici\u00f3n de derechos.<br \/>\n\u201cLa jornada se propone entender el malestar actual de la sociedad y c\u00f3mo la democracia y el sistema republicano pueden abordar estas preocupaciones y evitar situaciones desfavorables\u201d, se\u00f1al\u00f3.<br \/>\nVoloj invit\u00f3  a la sociedad chaque\u00f1a a participar en esta actividad libre y gratuita. \u201cEn el desarrollo de ambas jornadas diversos expertos disertar\u00e1n para ayudar a definir qu\u00e9 tipo de democracia anhelamos a 40 a\u00f1os de la restauraci\u00f3n del sistema democratico en la Argentina\u201d, agreg\u00f3.<\/div>\n","protected":false},"excerpt":{"rendered":"<p>Las jornadas se realizar\u00e1n bajo la consigna \u201cDemocracia y Justicia: 40 a\u00f1os de reflexi\u00f3n\u201d se realizar\u00e1 en la sede del ENCA (Escuela de Negocios de la Universidad del Chaco Austral) en Resistencia. \u201cEl objetivo es reflexionar y discutir sobre los 40 a\u00f1os de Democracia en un contexto complejo\u201d, dijo el Defensor del Pueblo, Bernardo Voloj. [&hellip;]<\/p>\n","protected":false},"author":1,"featured_media":25324,"comment_status":"closed","ping_status":"closed","sticky":false,"template":"","format":"standard","meta":{"footnotes":""},"categories":[6],"tags":[],"class_list":{"0":"post-25323","1":"post","2":"type-post","3":"status-publish","4":"format-standard","5":"has-post-thumbnail","7":"category-chaco"},"_links":{"self":[{"href":"https:\/\/chacosintesis.com.ar\/index.php\/wp-json\/wp\/v2\/posts\/25323","targetHints":{"allow":["GET"]}}],"collection":[{"href":"https:\/\/chacosintesis.com.ar\/index.php\/wp-json\/wp\/v2\/posts"}],"about":[{"href":"https:\/\/chacosintesis.com.ar\/index.php\/wp-json\/wp\/v2\/types\/post"}],"author":[{"embeddable":true,"href":"https:\/\/chacosintesis.com.ar\/index.php\/wp-json\/wp\/v2\/users\/1"}],"replies":[{"embeddable":true,"href":"https:\/\/chacosintesis.com.ar\/index.php\/wp-json\/wp\/v2\/comments?post=25323"}],"version-history":[{"count":0,"href":"https:\/\/chacosintesis.com.ar\/index.php\/wp-json\/wp\/v2\/posts\/25323\/revisions"}],"wp:featuredmedia":[{"embeddable":true,"href":"https:\/\/chacosintesis.com.ar\/index.php\/wp-json\/wp\/v2\/media\/25324"}],"wp:attachment":[{"href":"https:\/\/chacosintesis.com.ar\/index.php\/wp-json\/wp\/v2\/media?parent=25323"}],"wp:term":[{"taxonomy":"category","embeddable":true,"href":"https:\/\/chacosintesis.com.ar\/index.php\/wp-json\/wp\/v2\/categories?post=25323"},{"taxonomy":"post_tag","embeddable":true,"href":"https:\/\/chacosintesis.com.ar\/index.php\/wp-json\/wp\/v2\/tags?post=25323"}],"curies":[{"name":"wp","href":"https:\/\/api.w.org\/{rel}","templated":true}]}}