{"id":25319,"date":"2023-08-16T15:49:22","date_gmt":"2023-08-16T18:49:22","guid":{"rendered":"https:\/\/chacosintesis.com.ar\/?p=25319"},"modified":"2023-08-16T16:07:32","modified_gmt":"2023-08-16T19:07:32","slug":"el-gobernador-se-reunio-con-intendentes-e-intendentas-para-analizar-la-ejecucion-de-obras","status":"publish","type":"post","link":"https:\/\/chacosintesis.com.ar\/index.php\/el-gobernador-se-reunio-con-intendentes-e-intendentas-para-analizar-la-ejecucion-de-obras\/","title":{"rendered":"El gobernador se reuni\u00f3 con intendentes e intendentas para analizar la ejecuci\u00f3n de obras"},"content":{"rendered":"<div class=\"postie-post\">Capitanich se reuni\u00f3 con el foro de intendentes oficialistas para evaluar las obras, acciones y pol\u00edticas p\u00fablicas (ejecutadas y a ejecutar) que tienen como objetivo fortalecer el poder adquisitivo, el esquema de seguridad y atender las cuestiones sociales en todo el territorio provincial.<br \/>\nEl gobernador Jorge Capitanich y la vicegobernadora Anal\u00eda Rach Quiroga, junto a la secretaria de Municipios Beatriz Bogado, mantuvieron una reuni\u00f3n de trabajo con el foro de intendentes oficialistas, junto a quienes analizaron los distintos grados de avances y ejecuci\u00f3n de obras y trabajos en las localidades, como tambi\u00e9n la implementaci\u00f3n de las pol\u00edticas p\u00fablicas. El objetivo de la reuni\u00f3n fue fortalecer el esquema de infraestructura urbana y territorial de los municipios. \u201cNos reunimos con intendentes e intendentas de nuestro frente y con referentes y candidatos de varias localidades, con el objetivo redoblar esfuerzos, con hechos concretos y no con palabras, para demostrarle a la ciudadan\u00eda que este proyecto es el que va seguir mejorando su calidad de vida\u201d, destac\u00f3 Capitanich en sus redes sociales. La reuni\u00f3n tuvo lugar en el sal\u00f3n Obligado de Casa de Gobierno, en donde las jefas y los jefes comunales dieron su opini\u00f3n sobre la ejecuci\u00f3n de acciones previamente planificadas en cada uno de los distritos, como ser obras de infraestructura vial, viviendas, escuelas, salud y de otras \u00e1reas. Tras la reuni\u00f3n, la secretaria de Municipios, Beatriz Bogado, remarc\u00f3: \u201cEscuchamos a las vecinas y los vecinos, por eso tenemos una agenda que no solamente implica fortalecer el poder adquisitivo a trav\u00e9s de incrementos salariales, a trav\u00e9s del esquema de Ahorra Chaco con los descuentos importantes que hay todo tipo de elementos y, adem\u00e1s, todo el esquema seguridad, y de todas las cuestiones sociales\u201d.<br \/>\nReuni\u00f3n productiva Por su parte, el intendente de Corzuela, Rafael Carrara, defini\u00f3 a la reuni\u00f3n como \u201cmuy productiva\u201d, haciendo referencia a todas las obras inauguradas y por inaugurar que se ven a lo largo y ancho de la provincia \u201cvan a ser el producto y el fruto de la gran gesti\u00f3n que tiene Jorge Milton Capitanich\u201d. A su turno, el intendente de Machagai, Juan Manuel Garc\u00eda, destac\u00f3 la importancia de trabajar de manera conjunta con el Gobierno provincial y sus pares de otras localidades, afirmando que \u201cel trabajo que se lleva adelante es muy importante, es muy grande, muy intenso. Entendemos que se vive un panorama complejo, pero que aun as\u00ed hemos podido desarrollar un sinf\u00edn de acciones en cada localidad de la provincia, en todo el territorio provincial\u201d, dijo. \u201cComo todo proyecto pol\u00edtico que tiene un compromiso muy fuerte con el pueblo, seguimos trabajando, seguimos diagramando\u201d, insisti\u00f3 Garc\u00eda, remarcando al respecto que \u201centender la complejidad de nuestra sociedad, del Estado y ponerla a disposici\u00f3n del pueblo, eso requiere compromiso, requiere preparaci\u00f3n, requiere dedicaci\u00f3n y, fundamentalmente, por sobre todas las cosas, mucho trabajo con mucho amor a nuestro pueblo\u201d, concluy\u00f3. De la reuni\u00f3n tambi\u00e9n participaron los ministros Juan Manuel Chapo (Gobierno y Trabajo), Aldo Lineras (Educaci\u00f3n) y Marta Soneira (Ambiente y Desarrollo Territorial Sostenible). Adem\u00e1s, estuvieron legisladores y legisladoras. Las y los intendentes presentes fueron: Adalberto Pap (Villa \u00c1ngela), Mauro Leiva (General San Mart\u00edn), Magda Ayala, (Barranqueras), Patricia Rodas (Fontana), Juan Manuel Garc\u00eda (Machagai), P\u00edo Sander (Juan Jos\u00e9 Castelli), H\u00e9ctor Pallares (Avia Terai), Manuel Su\u00e1rez (Campo Largo), Rafael Carrara (Corzuela), Franco Ciucci (General Pinedo), Di\u00f3genes Requena (Hermoso Campo), Francisco Winnik (La Escondida), Judith G\u00f3mez (Los Frentones), Marcelo Angione (Makall\u00e9), Gustavo Karasiuk (Pampa del Indio), Diego Bernachea (Presidencia de la Plaza), V\u00edctor Rea (Puerto Vilelas), Carlos Ib\u00e1\u00f1ez (Taco Pozo), Germ\u00e1n Honcheruk (Villa Berthet), Ignacio Rost\u00e1n (Basail), Guillermo Areco (Capit\u00e1n Solari), Ram\u00f3n Alderete (Ciervo Petiso), Sergio Phipps (Colonia Ben\u00edtez), Pedro Maidana (Colonia Elisa), Juan Carlos Plozzer (Colonia Popular), Alicia Leiva (Colonias Unidas), Eladio Aguirre (Charadai), Marcelo Bodnarczuk (Chorotis), Zen\u00f3n Cu\u00e9llar (El Espinillo), Lilian Pascua (Enrique Urien), In\u00e9s Ortega (Fuerte Esperanza), Adriana Stacchiotti (Gancedo), Karina Acerbo (General Capdevila), Jorge Rodr\u00edguez (General Vedia), Jos\u00e9 Garc\u00eda (Isla del Cerrito), V\u00edctor Gasko (La Clotilde), Carina Mitoire (La Eduvigis), Alba S\u00e1nchez (La Tigra), Ra\u00fal Ram\u00f3n Pe\u00f1a (La Verde), Jos\u00e9 Panzardi (Laguna Blanca), Roberto Dom\u00ednguez (Lapachito), Sergio Dolce (Las Garcitas), Javier Mart\u00ednez (Margarita Bel\u00e9n), Gustavo Balbuena (Napenay), Isaac Velozo (Puerto Bermejo), Diego Lavia (Puerto Eva Per\u00f3n), Elba Lezcano (Samuh\u00fa) y Julio C\u00e9sar Paredez (Villa R\u00edo Bermejito). Adem\u00e1s, estuvieron referentes de otros municipios, como Luisina Lita (Presidencia Roque S\u00e1enz Pe\u00f1a), Diego Pedrini (Las Bre\u00f1as), Emiliano Arce (Quitilipi), Fernando Iruzubieta (Villa \u00c1ngela), Alfredo Pastor (Coronel Du Graty), Liliana Jara (Las Palmas), Rafael Fr\u00edas (Miraflores), Diego Tartaglini (Pampa del Infierno), Marcela Duarte (Tres Isletas), etc\u00e9tera.<\/div>\n","protected":false},"excerpt":{"rendered":"<p>Capitanich se reuni\u00f3 con el foro de intendentes oficialistas para evaluar las obras, acciones y pol\u00edticas p\u00fablicas (ejecutadas y a ejecutar) que tienen como objetivo fortalecer el poder adquisitivo, el esquema de seguridad y atender las cuestiones sociales en todo el territorio provincial. El gobernador Jorge Capitanich y la vicegobernadora Anal\u00eda Rach Quiroga, junto a [&hellip;]<\/p>\n","protected":false},"author":1,"featured_media":25320,"comment_status":"closed","ping_status":"closed","sticky":false,"template":"","format":"standard","meta":{"footnotes":""},"categories":[6],"tags":[],"class_list":{"0":"post-25319","1":"post","2":"type-post","3":"status-publish","4":"format-standard","5":"has-post-thumbnail","7":"category-chaco"},"_links":{"self":[{"href":"https:\/\/chacosintesis.com.ar\/index.php\/wp-json\/wp\/v2\/posts\/25319","targetHints":{"allow":["GET"]}}],"collection":[{"href":"https:\/\/chacosintesis.com.ar\/index.php\/wp-json\/wp\/v2\/posts"}],"about":[{"href":"https:\/\/chacosintesis.com.ar\/index.php\/wp-json\/wp\/v2\/types\/post"}],"author":[{"embeddable":true,"href":"https:\/\/chacosintesis.com.ar\/index.php\/wp-json\/wp\/v2\/users\/1"}],"replies":[{"embeddable":true,"href":"https:\/\/chacosintesis.com.ar\/index.php\/wp-json\/wp\/v2\/comments?post=25319"}],"version-history":[{"count":0,"href":"https:\/\/chacosintesis.com.ar\/index.php\/wp-json\/wp\/v2\/posts\/25319\/revisions"}],"wp:featuredmedia":[{"embeddable":true,"href":"https:\/\/chacosintesis.com.ar\/index.php\/wp-json\/wp\/v2\/media\/25320"}],"wp:attachment":[{"href":"https:\/\/chacosintesis.com.ar\/index.php\/wp-json\/wp\/v2\/media?parent=25319"}],"wp:term":[{"taxonomy":"category","embeddable":true,"href":"https:\/\/chacosintesis.com.ar\/index.php\/wp-json\/wp\/v2\/categories?post=25319"},{"taxonomy":"post_tag","embeddable":true,"href":"https:\/\/chacosintesis.com.ar\/index.php\/wp-json\/wp\/v2\/tags?post=25319"}],"curies":[{"name":"wp","href":"https:\/\/api.w.org\/{rel}","templated":true}]}}