{"id":25317,"date":"2023-08-16T15:47:44","date_gmt":"2023-08-16T18:47:44","guid":{"rendered":"https:\/\/chacosintesis.com.ar\/?p=25317"},"modified":"2023-08-16T16:07:27","modified_gmt":"2023-08-16T19:07:27","slug":"este-jueves-se-realizara-un-operativo-sube-en-puerto-tirol","status":"publish","type":"post","link":"https:\/\/chacosintesis.com.ar\/index.php\/este-jueves-se-realizara-un-operativo-sube-en-puerto-tirol\/","title":{"rendered":"Este jueves se realizar\u00e1 un operativo SUBE en Puerto Tirol"},"content":{"rendered":"<div class=\"postie-post\">Ser\u00e1 de 8 a 12 horas en la F\u00e1brica cultural del barrio 80 viviendas, donde vecinas y vecinos podr\u00e1n acceder y gestionar tarjetas y acceder a las tarifas diferenciadas que se implementan en la provincia. La Subsecretar\u00eda de Transporte de la provincia realizar\u00e1 el pr\u00f3ximo jueves 16, de 8 a 12 en la F\u00e1brica Cultural de Puerto Tirol, un nuevo operativo para que vecinas y vecinos puedan tramitar su credencial SUBE y gestionar tarjetas como parte del Sistema Integrado de Transporte del \u00c1rea Metropolitana (SITAM). \u201cEl objetivo es acercar al Estado a la comunidad, facilitando la gesti\u00f3n de este tipo de tr\u00e1mites y beneficios\u201d destac\u00f3 el Subsecretario de Transporte Tomas Yazle. En esta oportunidad se podr\u00e1n realizar los siguientes tr\u00e1mites: adquirir SUBE com\u00fan, SUBE para personas con discapacidad , SUBE estudiantil por primera vez y renovaci\u00f3n 2023. De esta manera contin\u00faan los operativos en diversas localidades para extender el acceso al beneficio a los m\u00e1s de 60 mil pasajeros que utilizan el transporte p\u00fablico para movilizarse. Las y los interesados en adquirir SUBE para personas con discapacidad deben acercarse con el Certificado \u00danico de Discapacidad (CUD), DNI y fotocopia de DNI, adem\u00e1s se requiere la presencia del titular para la foto. Las y los estudiantes que quieran adquirir por primera vez la SUBE estudiantil deben presentarse con certificado de alumno regular, DNI y se requiere la presencia del beneficiario o beneficiaria para la foto. Para quienes ya cuenten con el beneficio y deseen renovarlo deber\u00e1n acercarse con su certificado de alumno\/a regular 2023, DNI, y su actual credencial. Para obtener cualquiera de las credenciales es necesario presentar el DNI.<\/div>\n","protected":false},"excerpt":{"rendered":"<p>Ser\u00e1 de 8 a 12 horas en la F\u00e1brica cultural del barrio 80 viviendas, donde vecinas y vecinos podr\u00e1n acceder y gestionar tarjetas y acceder a las tarifas diferenciadas que se implementan en la provincia. La Subsecretar\u00eda de Transporte de la provincia realizar\u00e1 el pr\u00f3ximo jueves 16, de 8 a 12 en la F\u00e1brica Cultural [&hellip;]<\/p>\n","protected":false},"author":1,"featured_media":25318,"comment_status":"closed","ping_status":"closed","sticky":false,"template":"","format":"standard","meta":{"footnotes":""},"categories":[6],"tags":[],"class_list":{"0":"post-25317","1":"post","2":"type-post","3":"status-publish","4":"format-standard","5":"has-post-thumbnail","7":"category-chaco"},"_links":{"self":[{"href":"https:\/\/chacosintesis.com.ar\/index.php\/wp-json\/wp\/v2\/posts\/25317","targetHints":{"allow":["GET"]}}],"collection":[{"href":"https:\/\/chacosintesis.com.ar\/index.php\/wp-json\/wp\/v2\/posts"}],"about":[{"href":"https:\/\/chacosintesis.com.ar\/index.php\/wp-json\/wp\/v2\/types\/post"}],"author":[{"embeddable":true,"href":"https:\/\/chacosintesis.com.ar\/index.php\/wp-json\/wp\/v2\/users\/1"}],"replies":[{"embeddable":true,"href":"https:\/\/chacosintesis.com.ar\/index.php\/wp-json\/wp\/v2\/comments?post=25317"}],"version-history":[{"count":0,"href":"https:\/\/chacosintesis.com.ar\/index.php\/wp-json\/wp\/v2\/posts\/25317\/revisions"}],"wp:featuredmedia":[{"embeddable":true,"href":"https:\/\/chacosintesis.com.ar\/index.php\/wp-json\/wp\/v2\/media\/25318"}],"wp:attachment":[{"href":"https:\/\/chacosintesis.com.ar\/index.php\/wp-json\/wp\/v2\/media?parent=25317"}],"wp:term":[{"taxonomy":"category","embeddable":true,"href":"https:\/\/chacosintesis.com.ar\/index.php\/wp-json\/wp\/v2\/categories?post=25317"},{"taxonomy":"post_tag","embeddable":true,"href":"https:\/\/chacosintesis.com.ar\/index.php\/wp-json\/wp\/v2\/tags?post=25317"}],"curies":[{"name":"wp","href":"https:\/\/api.w.org\/{rel}","templated":true}]}}