{"id":25311,"date":"2023-08-16T15:43:18","date_gmt":"2023-08-16T18:43:18","guid":{"rendered":"https:\/\/chacosintesis.com.ar\/?p=25311"},"modified":"2023-08-16T16:07:13","modified_gmt":"2023-08-16T19:07:13","slug":"el-22-de-agosto-se-realizara-el-congreso-provincial-de-docentes-secundarios","status":"publish","type":"post","link":"https:\/\/chacosintesis.com.ar\/index.php\/el-22-de-agosto-se-realizara-el-congreso-provincial-de-docentes-secundarios\/","title":{"rendered":"El 22 de agosto se realizar\u00e1 el Congreso Provincial de Docentes Secundarios"},"content":{"rendered":"<div class=\"postie-post\">Est\u00e1 destinado a docentes del nivel Secundario de toda la provincia, quienes podr\u00e1n inscribirse a trav\u00e9s del formulario: <a href=\"http:\/\/bit.ly\/CongresoSecundaria\">bit.ly\/CongresoSecundaria<\/a> para participar de manera presencial o virtual.<br \/>\nEl ministro de Educaci\u00f3n del Chaco Aldo Lineras anunci\u00f3, este mi\u00e9rcoles, el Congreso Provincial de Educaci\u00f3n Secundaria \u201cDebates para la escuela secundaria que queremos\u201d, que se realizar\u00e1 el martes 22 de agosto, a las 9 en el Aula Magna de la Universidad Nacional del Nordeste (UNNE). Est\u00e1 destinado a docentes del nivel Secundario y sus modalidades de toda la provincia, quienes podr\u00e1n inscribirse para participar a trav\u00e9s de un formulario google: <a href=\"http:\/\/bit.ly\/CongresoSecundaria\">bit.ly\/CongresoSecundaria<\/a>. El objetivo es fundar un espacio de socializaci\u00f3n y debate sobre las nuevas formas de pensar y transmitir la ense\u00f1anza en la escuela secundaria en sus dimensiones institucional, pedag\u00f3gica y sociocomunitaria. Adem\u00e1s, fortalecer el acompa\u00f1amiento de las trayectorias continuas y completas, debatir y proponer alternativas que aporten a la transformaci\u00f3n pedag\u00f3gica en el nivel Secundario, enriqueciendo la pr\u00e1ctica docente del nivel, en funci\u00f3n de una perspectiva integrada de la ense\u00f1anza. El congreso contar\u00e1 con expositores y expositoras de reconocimiento nacional y provincial, como la pedagoga Adriana Puiggr\u00f3s. Adem\u00e1s, participar\u00e1n conferencistas de manera presencial y virtual, investigadores e investigadoras, especialistas en Educaci\u00f3n y docentes. \u201cEs una oportunidad para el encuentro, para participar y acceder a los distintos plenarios y conferencias, lo que nos permitir\u00e1 un di\u00e1logo m\u00e1s directo\u201d, se\u00f1al\u00f3 Lineras, quien estuvo acompa\u00f1ado por la subsecretaria de Educaci\u00f3n, Ludmila Pellegrini, y el director de Nivel Secundario, H\u00e9ctor Espinoza.<\/p>\n<p>Abordajes y exposiciones<br \/>\nEntre otros temas se analizar\u00e1 la implementaci\u00f3n del R\u00e9gimen Acad\u00e9mico que tiene como horizonte atender a las trayectorias escolares e incorporar nuevas estrategias de ense\u00f1anza, ancladas en la centralidad que tienen los equipos de Ense\u00f1anza y Evaluaci\u00f3n de las instituciones educativas. \u201cEs un congreso en el que tenemos grandes expectativas, aunque el debate se viene produciendo y seguir\u00e1 produci\u00e9ndose, queremos escuchar a las y los docentes y pensar la realidad argentina, porque ninguna situaci\u00f3n de coyuntura como la que atraviesa el pa\u00eds deber\u00eda pasar desapercibida\u201d, destac\u00f3 Lineras. \u201cLa did\u00e1ctica en la ense\u00f1anza de las matem\u00e1ticas como aporte para el desarrollo de las capacidades\u201d, ser\u00e1 el t\u00f3pico de Viviana Altamirano, y Germ\u00e1n Parmettler desarrollar\u00e1 \u201cLas pr\u00e1cticas del lenguaje: La alfabetizaci\u00f3n acad\u00e9mica temprana en el nivel secundario\u201d. Adem\u00e1s la directora general de Niveles y Modalidades Sonia Soto disertar\u00e1 sobre la \u201cOrganizaci\u00f3n institucional a partir del r\u00e9gimen acad\u00e9mico\u201d; el director del Nivel Secundario H\u00e9ctor Espinoza estar\u00e1 a cargo del \u201cEnfoque de la ense\u00f1anza desde el R\u00e9gimen Acad\u00e9mico\u201d. &#8220;Es una oportunidad para que todos y todas las docentes de la provincia puedan socializar sus experiencias, profundizar su formaci\u00f3n y conocimiento respecto de las nuevas corrientes y enfoques de la ense\u00f1anza que el r\u00e9gimen acad\u00e9mico de la provincia encierra en sus propuestas, centradas en la profundizaci\u00f3n de las capacidades de los y las estudiantes. Son muchas las experiencias educativas que desarrollan las escuelas de la provincia, por lo que se considera que socializarlas puede ser un insumo valioso para enriquecer nuestra propia pr\u00e1ctica&#8221;, expres\u00f3 Espinoza.<\/p>\n<p>Participaci\u00f3n presencial y virtual<br \/>\nPodr\u00e1n participar de manera presencial dos docentes del nivel Secundario por cada instituci\u00f3n educativa (EES, EET, ESJA, UEGP, EPGS, PE, EPGCBII y sus respectivos anexos) de la provincia y un representante del equipo de gesti\u00f3n de las instituciones de Nivel Secundario de las regiones educativas 10 A, B y C. Adem\u00e1s, a distancia y de manera virtual sincr\u00f3nica, podr\u00e1n hacerlo docentes (con o sin cargo) del nivel Secundario de toda la provincia del Chaco por medio de la transmisi\u00f3n de la plataforma ELE`. Las y los docentes que participen de manera presencial, contar\u00e1n con relevo de funciones y se tramit\u00f3 el puntaje que corresponde por la participaci\u00f3n del congreso.<\/p><\/div>\n","protected":false},"excerpt":{"rendered":"<p>Est\u00e1 destinado a docentes del nivel Secundario de toda la provincia, quienes podr\u00e1n inscribirse a trav\u00e9s del formulario: bit.ly\/CongresoSecundaria para participar de manera presencial o virtual. El ministro de Educaci\u00f3n del Chaco Aldo Lineras anunci\u00f3, este mi\u00e9rcoles, el Congreso Provincial de Educaci\u00f3n Secundaria \u201cDebates para la escuela secundaria que queremos\u201d, que se realizar\u00e1 el martes [&hellip;]<\/p>\n","protected":false},"author":1,"featured_media":25312,"comment_status":"closed","ping_status":"closed","sticky":false,"template":"","format":"standard","meta":{"footnotes":""},"categories":[6],"tags":[],"class_list":{"0":"post-25311","1":"post","2":"type-post","3":"status-publish","4":"format-standard","5":"has-post-thumbnail","7":"category-chaco"},"_links":{"self":[{"href":"https:\/\/chacosintesis.com.ar\/index.php\/wp-json\/wp\/v2\/posts\/25311","targetHints":{"allow":["GET"]}}],"collection":[{"href":"https:\/\/chacosintesis.com.ar\/index.php\/wp-json\/wp\/v2\/posts"}],"about":[{"href":"https:\/\/chacosintesis.com.ar\/index.php\/wp-json\/wp\/v2\/types\/post"}],"author":[{"embeddable":true,"href":"https:\/\/chacosintesis.com.ar\/index.php\/wp-json\/wp\/v2\/users\/1"}],"replies":[{"embeddable":true,"href":"https:\/\/chacosintesis.com.ar\/index.php\/wp-json\/wp\/v2\/comments?post=25311"}],"version-history":[{"count":0,"href":"https:\/\/chacosintesis.com.ar\/index.php\/wp-json\/wp\/v2\/posts\/25311\/revisions"}],"wp:featuredmedia":[{"embeddable":true,"href":"https:\/\/chacosintesis.com.ar\/index.php\/wp-json\/wp\/v2\/media\/25312"}],"wp:attachment":[{"href":"https:\/\/chacosintesis.com.ar\/index.php\/wp-json\/wp\/v2\/media?parent=25311"}],"wp:term":[{"taxonomy":"category","embeddable":true,"href":"https:\/\/chacosintesis.com.ar\/index.php\/wp-json\/wp\/v2\/categories?post=25311"},{"taxonomy":"post_tag","embeddable":true,"href":"https:\/\/chacosintesis.com.ar\/index.php\/wp-json\/wp\/v2\/tags?post=25311"}],"curies":[{"name":"wp","href":"https:\/\/api.w.org\/{rel}","templated":true}]}}