{"id":25309,"date":"2023-08-16T15:41:34","date_gmt":"2023-08-16T18:41:34","guid":{"rendered":"https:\/\/chacosintesis.com.ar\/?p=25309"},"modified":"2023-08-16T16:07:08","modified_gmt":"2023-08-16T19:07:08","slug":"promueven-capacitaciones-para-la-concientizacion-y-preservacion-ambiental","status":"publish","type":"post","link":"https:\/\/chacosintesis.com.ar\/index.php\/promueven-capacitaciones-para-la-concientizacion-y-preservacion-ambiental\/","title":{"rendered":"Promueven capacitaciones para la concientizaci\u00f3n y preservaci\u00f3n ambiental"},"content":{"rendered":"<div class=\"postie-post\">Las cursos y talleres incluyen a la Ley Yolanda y la Ley de Educaci\u00f3n Ambiental, adem\u00e1s de incluir un material que se puede escanear por QR sobre los Monumentos Naturales Chaque\u00f1os.<br \/>\nMarilyn Rol\u00f3n, coordinadora del Programa de Formaci\u00f3n para un Chaco Sostenible, dialog\u00f3 con Chaco TV sobre las capacitaciones y concientizaciones que realizan con la finalidad de promover la preservaci\u00f3n ambiental. \u201cEstamos haciendo este trabajo de capacitaci\u00f3n a distintos sectores de la comunidad bajo lo que dictan las leyes tanto Ley Yolanda que es una ley que obliga a la funci\u00f3n p\u00fablica a formarse en temas ambientales con \u00e9nfasis en cambio clim\u00e1tico\u201d, expres\u00f3.<br \/>\nEn este sentido, Rol\u00f3n dijo que se puso \u00e9nfasis en aquellos patrimonios naturales y culturales del Chaco con el objetivo de ponerlos en valor a trav\u00e9s de las capacitaciones. Asimismo, destac\u00f3 la importancia de hablar tambi\u00e9n de las problem\u00e1ticas, conflictos y amenazas que tienen estos patrimonios. \u201cHay que hablar espec\u00edficamente de lo que nos pasa en la provincia y en la regi\u00f3n, sin perder el contexto global y nacional\u201d, se\u00f1al\u00f3.<br \/>\nAdem\u00e1s, tambi\u00e9n habl\u00f3 de las capacitaciones en materia de educaci\u00f3n ambiental. \u201cDesde el a\u00f1o pasado tenemos una ley que es la 3671 E que dice que hay que capacitar a todos los sectores de la comunidad para pensar c\u00f3mo hacer que la educaci\u00f3n ambiental como derecho de la ciudadan\u00eda llegue a cada uno de los puntos\u201d, explic\u00f3, y agreg\u00f3 que a fin de mes estar\u00e1n presentando su primera estrategia de educaci\u00f3n ambiental. \u201cEstamos pensando en una propuesta de sensibilizaci\u00f3n y trabajo con los medios de comunicaci\u00f3n para avanzar despu\u00e9s de septiembre\u201d, a\u00f1adi\u00f3.<br \/>\nPor su parte, Ivonne Falleau, quien integra el equipo del programa, explic\u00f3 que, adem\u00e1s de asignarles la tarea de armar cursos y talleres de formaci\u00f3n en ambiente, tambi\u00e9n ten\u00edan la tarea de sacar contenidos ambientales con tem\u00e1ticas que est\u00e9n relacionadas \u201ccon la realidad ambiental\u201d de la provincia del Chaco. \u201cLo armamos con la Direcci\u00f3n de \u00c1reas Protegidas y Biodiversidad, un trabajo que nos llev\u00f3 aproximadamente 12 meses\u201d, expres\u00f3. Sobre el trabajo realizada, Falleau dijo: \u201cChaco es la primer provincia que tiene un material as\u00ed de did\u00e1ctico. Est\u00e1 disponible para ser utilizado por las instituciones que lo requieran, siempre apuntando a una educaci\u00f3n ambiental integral. Est\u00e1 publicado en la p\u00e1gina del Ministerio de Ambiente\u201d.<br \/>\nPor \u00faltimo, Rol\u00f3n destac\u00f3 la importancia de este tipo de pol\u00edticas p\u00fablicas para poner en valor la cultura y la biodiversidad del Chaco. \u201cEs necesario construir contenidos que permitan que docentes, estudiantes, padres, ONGs y medios de comunicaci\u00f3n puedan encontrar en ellos informaci\u00f3n precisa y oficial\u201d, expres\u00f3 la coordinadora, y concluy\u00f3: \u201cEs cuesti\u00f3n que nos involucra, nos interpela y que tenemos que ser todos y todas los que tenemos que participar y poner responsabilidad en eso\u201d.<\/div>\n","protected":false},"excerpt":{"rendered":"<p>Las cursos y talleres incluyen a la Ley Yolanda y la Ley de Educaci\u00f3n Ambiental, adem\u00e1s de incluir un material que se puede escanear por QR sobre los Monumentos Naturales Chaque\u00f1os. Marilyn Rol\u00f3n, coordinadora del Programa de Formaci\u00f3n para un Chaco Sostenible, dialog\u00f3 con Chaco TV sobre las capacitaciones y concientizaciones que realizan con la [&hellip;]<\/p>\n","protected":false},"author":1,"featured_media":25310,"comment_status":"closed","ping_status":"closed","sticky":false,"template":"","format":"standard","meta":{"footnotes":""},"categories":[6],"tags":[],"class_list":{"0":"post-25309","1":"post","2":"type-post","3":"status-publish","4":"format-standard","5":"has-post-thumbnail","7":"category-chaco"},"_links":{"self":[{"href":"https:\/\/chacosintesis.com.ar\/index.php\/wp-json\/wp\/v2\/posts\/25309","targetHints":{"allow":["GET"]}}],"collection":[{"href":"https:\/\/chacosintesis.com.ar\/index.php\/wp-json\/wp\/v2\/posts"}],"about":[{"href":"https:\/\/chacosintesis.com.ar\/index.php\/wp-json\/wp\/v2\/types\/post"}],"author":[{"embeddable":true,"href":"https:\/\/chacosintesis.com.ar\/index.php\/wp-json\/wp\/v2\/users\/1"}],"replies":[{"embeddable":true,"href":"https:\/\/chacosintesis.com.ar\/index.php\/wp-json\/wp\/v2\/comments?post=25309"}],"version-history":[{"count":0,"href":"https:\/\/chacosintesis.com.ar\/index.php\/wp-json\/wp\/v2\/posts\/25309\/revisions"}],"wp:featuredmedia":[{"embeddable":true,"href":"https:\/\/chacosintesis.com.ar\/index.php\/wp-json\/wp\/v2\/media\/25310"}],"wp:attachment":[{"href":"https:\/\/chacosintesis.com.ar\/index.php\/wp-json\/wp\/v2\/media?parent=25309"}],"wp:term":[{"taxonomy":"category","embeddable":true,"href":"https:\/\/chacosintesis.com.ar\/index.php\/wp-json\/wp\/v2\/categories?post=25309"},{"taxonomy":"post_tag","embeddable":true,"href":"https:\/\/chacosintesis.com.ar\/index.php\/wp-json\/wp\/v2\/tags?post=25309"}],"curies":[{"name":"wp","href":"https:\/\/api.w.org\/{rel}","templated":true}]}}