{"id":25305,"date":"2023-08-16T15:38:15","date_gmt":"2023-08-16T18:38:15","guid":{"rendered":"https:\/\/chacosintesis.com.ar\/?p=25305"},"modified":"2023-08-16T16:06:56","modified_gmt":"2023-08-16T19:06:56","slug":"chapo-no-vamos-a-permitir-la-interrupcion-del-transito-en-el-microcentro-de-resistencia","status":"publish","type":"post","link":"https:\/\/chacosintesis.com.ar\/index.php\/chapo-no-vamos-a-permitir-la-interrupcion-del-transito-en-el-microcentro-de-resistencia\/","title":{"rendered":"Chapo: \u201cNo vamos a permitir la interrupci\u00f3n del tr\u00e1nsito en el microcentro de Resistencia\u201d"},"content":{"rendered":"<div class=\"postie-post\">As\u00ed lo expres\u00f3 el portavoz oficial, quien destac\u00f3 la actuaci\u00f3n policial conforme a la Ley 2399-J, que establece los protocolos de intervenci\u00f3n en manifestaciones. Adem\u00e1s destac\u00f3 el inicio del proceso de regularizaci\u00f3n laboral, y la actuaci\u00f3n gubernamental ante un caso de violencia contra un ni\u00f1o en Barranqueras.<br \/>\nEl vocero oficial del Gobierno provincial, Juan Manuel Chapo, brind\u00f3 su habitual conferencia de prensa este mi\u00e9rcoles desde el Sal\u00f3n Obligado, en la que dio detalles acerca de la agenda del gobernador Jorge Capitanich, abord\u00f3 diversos temas y respondi\u00f3 a consultas de los medios de comunicaci\u00f3n<br \/>\nTras ser consultado por la presencia de manifestantes en la vereda de Casa de Gobierno, Chapo remarc\u00f3: \u201cNo vamos a permitir la interrupci\u00f3n del tr\u00e1nsito en el microcentro de Resistencia. Los protocolos est\u00e1n absolutamente vigentes y la actuaci\u00f3n policial ser\u00e1 en funci\u00f3n de las modalidades de protesta que utilicen los movimientos sociales\u201d.<br \/>\nEn ese sentido, destac\u00f3 la actuaci\u00f3n policial conforme a la Ley 2399-J, que establece los protocolos de intervenci\u00f3n en manifestaciones.<br \/>\nPor otra parte, Chapo record\u00f3 la vigencia de la l\u00ednea p\u00fablica, gratuita y confidencial para efectuar denuncias vinculadas a retenciones indebidas de planes sociales, venta ilegal de bienes del estado y\/o desv\u00edo de fondos de subsidios. Las y los ciudadanos pueden comunicarse al 0800 888 9222.<br \/>\n\u201cEl Gobierno provincial gener\u00f3 mecanismos para extremar recaudos y condiciones al momento de la constituci\u00f3n de fundaciones o asociaciones, a trav\u00e9s de la Inspecci\u00f3n General de Personas Jur\u00eddicas. Todos aquellos referentes o dirigentes sociales que tienen hoy alguna causa judicial son producto de alguna denuncia realizada por el propio gobierno de la provincia, es decir que cada vez que el gobierno ha tenido alguna sospecha de la comisi\u00f3n de alg\u00fan hecho il\u00edcito, inmediatamente se procedi\u00f3 a la denuncia\u201d.<\/p>\n<p>Proceso de regularizaci\u00f3n laboral<\/p>\n<p>Chapo tambi\u00e9n destac\u00f3 el anuncio, ocurrido ayer, del proceso de regularizaci\u00f3n laboral para trabajadoras y trabajadores de la administraci\u00f3n p\u00fablica, que tendr\u00e1 lugar del 31 de agosto al 13 de septiembre con la modalidad de concurso de antecedentes y oposici\u00f3n, cuyo resultado derivar\u00e1 en una lista de orden de m\u00e9rito que se utilizar\u00e1 para cubrir cargos vacantes por el plazo 2023 \u2013 2030.<br \/>\n\u201cNo solamente esto va a permitir un proceso muy ordenado y muy transparente, sino que va a dar certidumbre a las y los trabajadores. Todos aquellos que puedan ser parte de este proceso van a quedar dentro de un orden de m\u00e9rito y van a poder ingresar a medida que se van generando vacantes dentro del Estado. Aqu\u00ed no habr\u00e1 creaci\u00f3n de nuevos cargos, sino que habr\u00e1 cobertura de vacantes por fallecimiento, renuncia, jubilaci\u00f3n, retiro, entre otros\u201d, explic\u00f3.<br \/>\nEl proceso de regularizaci\u00f3n laboral se desarrollar\u00e1 en tres etapas: Inscripci\u00f3n, Concurso de Antecedentes y etapa de oposici\u00f3n, y abarca a quienes dependen del Poder Ejecutivo, Entes Aut\u00e1rquicos y Descentralizados. \u201cAqu\u00ed no habr\u00e1 ni acomodos ni tampoco presentaci\u00f3n de listas a las direcciones de recursos humanos de ninguna jurisdicci\u00f3n, es decir, que todo aquel que est\u00e9 en condiciones podr\u00e1 inscribirse\u201d, subray\u00f3 Chapo.<\/p>\n<p>Actuaci\u00f3n ante un caso de violencia contra un ni\u00f1o en Barranqueras<\/p>\n<p>El portavoz destac\u00f3 adem\u00e1s la actuaci\u00f3n gubernamental ante un caso de violencia ocurrido en la tarde del martes en la localidad de Barranqueras, en el que un hombre tom\u00f3 de reh\u00e9n a su hijo de ocho a\u00f1os amenazando con quitarle la vida. El hombre fue detenido por la Polic\u00eda provincial y el ni\u00f1o fue asistido a trav\u00e9s del programa de asistencia de la l\u00ednea 102 del Ministerio de Desarrollo Social<br \/>\n\u201cLa provincia a trav\u00e9s de distintas \u00e1reas intervino en forma inmediata y se est\u00e1 ocupando de este caso de extrema gravedad\u201d, se\u00f1al\u00f3 Chapo, quien adem\u00e1s solicit\u00f3 a los medios de comunicaci\u00f3n \u201cun abordaje respetuoso de los derechos de ni\u00f1os, ni\u00f1as y adolescentes\u201d.<\/p>\n<p>Agenda del gobernador<\/p>\n<p>Por otra parte, el portavoz inform\u00f3 la agenda oficial de actividades del gobernador Jorge Capitanich, quien inici\u00f3 este mi\u00e9rcoles con la entrega de soluciones habitacionales en el barrio La Liguria, para luego dirigirse a la localidad de Cote Lai donde inaugurar\u00e1 un nuevo tramo de la Ruta Provincial N\u00ba 13.<br \/>\nY hacia las 11:30, el mandatario participar\u00e1 del acto de apertura del 2\u00ba Congreso en Innovaci\u00f3n y Creatividad Educativa en Ense\u00f1anza Tecnol\u00f3gica. en el Aula Magna de la UTN.<br \/>\nPor la tarde, a las 17, Capitanich acompa\u00f1ar\u00e1 una nueva entrega de las tarjetas del programa Construir Futuro, que otorgan beneficios econ\u00f3micos para estudiantes. Y hacia las 19 el gobernador presentar\u00e1 las propuestas econ\u00f3micas para la gesti\u00f3n 2023 &#8211; 2027 en la sede del Consejo Profesional de Ciencias Econ\u00f3micas de la provincia del Chaco.<br \/>\nLa jornada finalizar\u00e1 a las 20:30 con la inauguraci\u00f3n de nuevas cuadras de pavimento para los barrios 400 viviendas, San Miguel y zonas aleda\u00f1as.<\/p><\/div>\n","protected":false},"excerpt":{"rendered":"<p>As\u00ed lo expres\u00f3 el portavoz oficial, quien destac\u00f3 la actuaci\u00f3n policial conforme a la Ley 2399-J, que establece los protocolos de intervenci\u00f3n en manifestaciones. Adem\u00e1s destac\u00f3 el inicio del proceso de regularizaci\u00f3n laboral, y la actuaci\u00f3n gubernamental ante un caso de violencia contra un ni\u00f1o en Barranqueras. El vocero oficial del Gobierno provincial, Juan Manuel [&hellip;]<\/p>\n","protected":false},"author":1,"featured_media":25306,"comment_status":"closed","ping_status":"closed","sticky":false,"template":"","format":"standard","meta":{"footnotes":""},"categories":[6],"tags":[],"class_list":{"0":"post-25305","1":"post","2":"type-post","3":"status-publish","4":"format-standard","5":"has-post-thumbnail","7":"category-chaco"},"_links":{"self":[{"href":"https:\/\/chacosintesis.com.ar\/index.php\/wp-json\/wp\/v2\/posts\/25305","targetHints":{"allow":["GET"]}}],"collection":[{"href":"https:\/\/chacosintesis.com.ar\/index.php\/wp-json\/wp\/v2\/posts"}],"about":[{"href":"https:\/\/chacosintesis.com.ar\/index.php\/wp-json\/wp\/v2\/types\/post"}],"author":[{"embeddable":true,"href":"https:\/\/chacosintesis.com.ar\/index.php\/wp-json\/wp\/v2\/users\/1"}],"replies":[{"embeddable":true,"href":"https:\/\/chacosintesis.com.ar\/index.php\/wp-json\/wp\/v2\/comments?post=25305"}],"version-history":[{"count":0,"href":"https:\/\/chacosintesis.com.ar\/index.php\/wp-json\/wp\/v2\/posts\/25305\/revisions"}],"wp:featuredmedia":[{"embeddable":true,"href":"https:\/\/chacosintesis.com.ar\/index.php\/wp-json\/wp\/v2\/media\/25306"}],"wp:attachment":[{"href":"https:\/\/chacosintesis.com.ar\/index.php\/wp-json\/wp\/v2\/media?parent=25305"}],"wp:term":[{"taxonomy":"category","embeddable":true,"href":"https:\/\/chacosintesis.com.ar\/index.php\/wp-json\/wp\/v2\/categories?post=25305"},{"taxonomy":"post_tag","embeddable":true,"href":"https:\/\/chacosintesis.com.ar\/index.php\/wp-json\/wp\/v2\/tags?post=25305"}],"curies":[{"name":"wp","href":"https:\/\/api.w.org\/{rel}","templated":true}]}}