{"id":25295,"date":"2023-08-16T11:22:25","date_gmt":"2023-08-16T14:22:25","guid":{"rendered":"https:\/\/chacosintesis.com.ar\/?p=25295"},"modified":"2023-08-16T11:38:12","modified_gmt":"2023-08-16T14:38:12","slug":"barramqueras-hombre-armado-tomo-de-rehen-a-su-hijo-y-amenazo-con-matarlo","status":"publish","type":"post","link":"https:\/\/chacosintesis.com.ar\/index.php\/barramqueras-hombre-armado-tomo-de-rehen-a-su-hijo-y-amenazo-con-matarlo\/","title":{"rendered":"Barramqueras: hombre armado tom\u00f3 de reh\u00e9n a su hijo y amenaz\u00f3 con matarlo"},"content":{"rendered":"<div class=\"postie-post\">Este martes se vivieron horas de tensi\u00f3n cuando un posible adic\u00adto a las drogas tom\u00f3 de reh\u00e9n al ni\u00f1o de 8 a\u00f1os y abri\u00f3 fuego contra los agentes.<\/p>\n<p>Un hombre, aparentemente bajo los efectos de consumo de estupefacientes, puso en vilo a Barranqueras cuando se atrincher\u00f3 en diagonal Eva Per\u00f3n y Ayacucho, y tom\u00f3 de reh\u00e9n a su hijo. Luego de varios minutos, el individuo fue reducido y se le secuestr\u00f3 un rev\u00f3lver calibre 32.<br \/>\nLa tarde de la localidad portuaria se vio interrumpida por un hecho de extrema gravedad, cuando el hombre identificado como Abd\u00f3n Ariel Caballero dispar\u00f3 con el arma tres veces al aire, mientras sosten\u00eda con un brazo al ni\u00f1o de 8 a\u00f1os. Al verse acorralado, Caballero gritaba y amenazaba con abrir fuego contra los uniformados. Los testigos lograron registrar desde distintos \u00e1ngulos la terrible escena, mientras gritaban a los agentes que procedan.<br \/>\nA las 17.30, se tom\u00f3 conocimiento a trav\u00e9s de Sala 911 que en diagonal Eva Per\u00f3n y Ayacucho un sujeto efectuaba disparos de arma de fuego, teniendo a un menor de reh\u00e9n, a quien amenazaba con matar. Fue all\u00ed que realiz\u00f3 tres disparos al aire, trab\u00e1ndose posteriormente el mecanismo del arma de fuego; y en forma inmediata se procedi\u00f3 a reducirlo.<\/p>\n<p>Los agentes le extrajeron el arma, un rev\u00f3lver calibre 32 largo, el cual ten\u00edan tres vainas servidas y tres sin percutar. Caballero fue trasladado a la comisar\u00eda Segunda de Barranqueras y luego sometido a una revisi\u00f3n en Medicina Legal. La investigaci\u00f3n est\u00e1 a cargo del fiscal en turno Francisco De Obald\u00eda Eyseric.<br \/>\nNo se precis\u00f3 si Caballero cuenta con alg\u00fan antecedente penal. Lo que se infiere en el comienzo de la investigaci\u00f3n es que tendr\u00eda problema por consumo de droga, aunque todo ser\u00e1 materia de investigaci\u00f3n y las pericias dispuestas por el fiscal.<br \/>\nTESTIGOS ENOJADOS<br \/>\nLos testigos que pudieron registrar las secuencias -y las compartieron en redes- dejaron o\u00edr su enojo e indignaci\u00f3n por el nivel de violencia por parte del acusado, quien en todo momento puso en riesgo la integridad del peque\u00f1o de ocho a\u00f1os, a quien le apunt\u00f3 en la cabeza cuando se vio cercado por los agentes policiales. Luego dispar\u00f3 tres veces al aire.<br \/>\nAmenazas, portaci\u00f3n y abuso de armas, la acusaci\u00f3n<br \/>\nAbd\u00f3n Ariel Caballero qued\u00f3 detenido este martes por la noche por orden del fiscal de turno, Francisco de Obald\u00eda Eyseric. Se trata del violento sujeto que, armado con un rev\u00f3lver calibre 32 largo, puso en riesgo la vida de su hijo de 8 a\u00f1os, a quien tom\u00f3 de reh\u00e9n por circunstancias no establecidas hasta anoche.<br \/>\n&#8220;Supuestas amenazas, abuso de armas y portaci\u00f3n de armas en concurso real&#8221; es la imputaci\u00f3n que le formula el Ministerio P\u00fablico a Caballero. Por lo que se espera que ma\u00f1ana se le asigne un abogado oficial en caso de no poder contratar a un particular, y el jueves o viernes deber\u00e1 prestar declaraci\u00f3n de imputado.<br \/>\nCaballero, que en todo momento se comport\u00f3 violento y aseguran que tendr\u00eda problemas de adicciones, pudo ser aprehendido tras varios minutos de negociaciones con los agentes policiales; pero cada vez que buscaban achicar la distancia para poder controlarlo, Caballero disparaba al aire y apuntaba a la cabeza de su hijo.<br \/>\nLa operaci\u00f3n dio sus resultados: cuando se le trab\u00f3 el arma, los polic\u00edas se le lanzaron encima para dejarlo sin posibilidades de atacar, y el peque\u00f1o fue puesto r\u00e1pidamente a resguardo. Ser\u00e1n las autoridades policiales y judiciales las que tendr\u00e1n que evaluar el contexto del peque\u00f1o y resolver d\u00f3nde y a cargo de qui\u00e9n queda, resoluci\u00f3n en la que tambi\u00e9n tendr\u00e1 participaci\u00f3n el Ministerio de Desarrollo Social a trav\u00e9s de la l\u00ednea de Atenci\u00f3n a Ni\u00f1os, Ni\u00f1as y Adolescentes.<\/p>\n<p>DIARIO NORTE.-<\/p>\n<\/div>\n","protected":false},"excerpt":{"rendered":"<p>Este martes se vivieron horas de tensi\u00f3n cuando un posible adic\u00adto a las drogas tom\u00f3 de reh\u00e9n al ni\u00f1o de 8 a\u00f1os y abri\u00f3 fuego contra los agentes. Un hombre, aparentemente bajo los efectos de consumo de estupefacientes, puso en vilo a Barranqueras cuando se atrincher\u00f3 en diagonal Eva Per\u00f3n y Ayacucho, y tom\u00f3 de [&hellip;]<\/p>\n","protected":false},"author":1,"featured_media":25296,"comment_status":"closed","ping_status":"closed","sticky":false,"template":"","format":"standard","meta":{"footnotes":""},"categories":[6],"tags":[197],"class_list":{"0":"post-25295","1":"post","2":"type-post","3":"status-publish","4":"format-standard","5":"has-post-thumbnail","7":"category-chaco","8":"tag-destacada"},"_links":{"self":[{"href":"https:\/\/chacosintesis.com.ar\/index.php\/wp-json\/wp\/v2\/posts\/25295","targetHints":{"allow":["GET"]}}],"collection":[{"href":"https:\/\/chacosintesis.com.ar\/index.php\/wp-json\/wp\/v2\/posts"}],"about":[{"href":"https:\/\/chacosintesis.com.ar\/index.php\/wp-json\/wp\/v2\/types\/post"}],"author":[{"embeddable":true,"href":"https:\/\/chacosintesis.com.ar\/index.php\/wp-json\/wp\/v2\/users\/1"}],"replies":[{"embeddable":true,"href":"https:\/\/chacosintesis.com.ar\/index.php\/wp-json\/wp\/v2\/comments?post=25295"}],"version-history":[{"count":0,"href":"https:\/\/chacosintesis.com.ar\/index.php\/wp-json\/wp\/v2\/posts\/25295\/revisions"}],"wp:featuredmedia":[{"embeddable":true,"href":"https:\/\/chacosintesis.com.ar\/index.php\/wp-json\/wp\/v2\/media\/25296"}],"wp:attachment":[{"href":"https:\/\/chacosintesis.com.ar\/index.php\/wp-json\/wp\/v2\/media?parent=25295"}],"wp:term":[{"taxonomy":"category","embeddable":true,"href":"https:\/\/chacosintesis.com.ar\/index.php\/wp-json\/wp\/v2\/categories?post=25295"},{"taxonomy":"post_tag","embeddable":true,"href":"https:\/\/chacosintesis.com.ar\/index.php\/wp-json\/wp\/v2\/tags?post=25295"}],"curies":[{"name":"wp","href":"https:\/\/api.w.org\/{rel}","templated":true}]}}