{"id":25291,"date":"2023-08-15T17:27:32","date_gmt":"2023-08-15T20:27:32","guid":{"rendered":"https:\/\/chacosintesis.com.ar\/?p=25291"},"modified":"2023-08-15T17:36:50","modified_gmt":"2023-08-15T20:36:50","slug":"supermercados-recibieron-nuevos-precios-entre-15-y-18-mas-caros","status":"publish","type":"post","link":"https:\/\/chacosintesis.com.ar\/index.php\/supermercados-recibieron-nuevos-precios-entre-15-y-18-mas-caros\/","title":{"rendered":"Supermercados recibieron nuevos precios entre 15 y 18% m\u00e1s caros"},"content":{"rendered":"<div class=\"postie-post\">El vicepresidente de la c\u00e1mara chaque\u00f1a que agrupa al sector dijo que en estos primeros d\u00edas las empresas proveedoras &#8220;ajustan el precio al momento del env\u00edo de la mercader\u00eda&#8221;.<\/p>\n<p>Miguel Simons, vicepresidente de la C\u00e1mara de Supermercados, Almacenes y Afines del Chaco, estim\u00f3 que el traslado a precios que tendr\u00e1 la devaluaci\u00f3n del 22% del tipo de cambio argentino rondar\u00e1 en promedio el 15 o 20%. El empresario dijo que en estos primeros d\u00edas, tras la medida del gobierno nacional, las empresas proveedoras &#8220;ajustan el precio al momento del env\u00edo de la mercader\u00eda&#8221;; y que los aumentos son en todos los productos que comercializan estos negocios ya que todos tienen componentes en d\u00f3lares.<\/p>\n<p>&#8220;Estamos recibiendo mensajes o mails de las empresas donde nos dicen que el precio facturado es el precio del d\u00eda. Es decir, si pido diez cajas de mermelada, y tardan tres d\u00edas en mandarlas, en ese momento les ponen el precio. Van ajustando a medida que van desarroll\u00e1ndose las medidas econ\u00f3micas&#8221;, traz\u00f3.<br \/>\nAs\u00ed, explic\u00f3 que las empresas alimenticias y productoras de alimentos aguardan actualizar sus costos para luego colocar los nuevos precios, y que \u00e9stos se actualizan a diario.<br \/>\n&#8220;Las listas de precios que recibimos tienen un 15 o 18% de aumento.Algunas tienen un 8% de aumento pero nos avisan que la semana pr\u00f3xima habr\u00e1 un 8% m\u00e1s de aumento o bien que no saben de cu\u00e1nto ser\u00e1 porque todo est\u00e1 muy inestable. Van gradualmente subiendo los precios&#8221;, coment\u00f3.<\/p>\n<p>En esa variedad de situaciones que enfrentan en estos primeros d\u00edas post devaluaci\u00f3n las empresas vinculadas al consumo masivo de bienes de primera necesidad, el empresario dijo que algunos proveedores &#8220;toman el pedido pero no facturan en el d\u00eda&#8221;.<br \/>\n&#8220;Nosotros ponemos el precio en funci\u00f3n de la informaci\u00f3n y el stock que tenemos en el d\u00eda. Si una empresa me dice que no me va a entregar mermelada hasta dentro de diez d\u00edas, yo tengo que remarcar 20 o 22% de aumento porque no tengo idea qu\u00e9 precio me van a mandar. Nosotros no somos formadores de precios y, si perdemos un frasco de mermelada sin poder reponerlo, nos descapitalizamos. Cuando nos damos cuenta, tenemos el dep\u00f3sito vac\u00edo, la g\u00f3ndola vac\u00eda y diez pesos en el bolsillo&#8221;, explic\u00f3 Simons.<br \/>\nDevaluaci\u00f3n sin planificaci\u00f3n<br \/>\nM\u00e1s all\u00e1 de la coyuntura y del impacto que tiene el ajuste del tipo de cambio,  el empresario advirti\u00f3 que &#8220;toda devaluaci\u00f3n que no tiene detr\u00e1s un plan econ\u00f3mico y una planificaci\u00f3n, termina yendo a precios&#8221;. Dijo as\u00ed que con otras medidas como soporte, como por ejemplo reducciones impositivas o recorte en el d\u00e9ficit fiscal, se evitar\u00eda el traslado completo de una devaluaci\u00f3n a precios. Por eso sostuvo que ahora &#8220;ir\u00e1 todo a precios, porque fue una devaluaci\u00f3n brusca&#8221;.<br \/>\nEn ese orden, advirti\u00f3 que pese al anuncio las tasas de inter\u00e9s todav\u00eda no subieron en la medida de lo anunciado por el Banco Central. &#8220;Los pases (descuento de documentos a muy corto plazo en entidades bancarias) hoy est\u00e1n frenados porque no hay tasas. Esto est\u00e1 frenando la actividad en la industria&#8221;, afirm\u00f3.<\/p>\n<p>Lo que dice Econom\u00eda<br \/>\nSeg\u00fan escribe en \u00c1mbito Financiero Liliana Franco, la estimaci\u00f3n de la conducci\u00f3n econ\u00f3mica argentina es que el traslado a precios de la devaluaci\u00f3n (pass through) debe ser m\u00e1s bajo que el 22% que aument\u00f3 el d\u00f3lar oficial. En tal sentido, en la reuni\u00f3n de ayer con empresas alimenticias para fijar nuevos valores en los Precios Justos, se analiz\u00f3 cu\u00e1nto incide el ajuste cambiaron en los costos, entre otras variables.<br \/>\nAdem\u00e1s, un estudio de la Secretar\u00eda de Pol\u00edtica Econ\u00f3mica muestra que el incremento en los M\u00e1rgenes Empresariales Brutos, ha sido muy marcada, pasando en el total del IPC, de valores del 25% en 2017 a m\u00e1s del 46% en los meses de abril a junio 2023. Dicho de otra forma, se considera que las empresas tienen capacidad como para absorber aumentos y, paralelamente, mejorar los salarios.<\/p>\n<p>Otros aumentos que vienen y \u2018calentar\u00e1n\u2019 m\u00e1s la inflaci\u00f3n<br \/>\n&#8220;Cuando pase este vendaval habr\u00e1 que negociar paritarias, se ajustar\u00e1n las tarifas de agua y luz, subir\u00e1 el precio de los combustibles. De ac\u00e1 a fin de a\u00f1o ser\u00e1 inflaci\u00f3n pura&#8221;, traz\u00f3 Miguel Simons.<br \/>\nFue m\u00e1s all\u00e1 y acot\u00f3:&#8221;El gobierno que viene se encontrar\u00e1 con grandes problemas, muchos m\u00e1s de los que ten\u00eda el viernes pasado (previo a las PASO nacionales). Si la tasa de inter\u00e9s sube efectivamente al 118% anual y al 210% real, el gobierno deber\u00e1 emitir una gran cantidad de dinero para pagar los intereses de plazos fijos y las Leliq. Y emisi\u00f3n es inflaci\u00f3n&#8221;,. Adem\u00e1s, mencion\u00f3 que los contratos de soja a futuro fueron fijados, por la Bolsa de Comercio de Rosario, a un d\u00f3lar de 570 pesos, muy por encima del nuevo nivel del d\u00f3lar oficial que se ubica, post devaluaci\u00f3n, en 365 pesos.<br \/>\nEse escenario, Simons advirti\u00f3 que &#8220;est\u00e1n liquidadas&#8221; las pymes que trabajan financi\u00e1ndose en el sistema financiero. &#8220;No hay negocio que d\u00e9 para pagar una tasa de 150%&#8221;, sostuvo.<br \/>\n DIARIO NORTE.-<\/p>\n<\/div>\n","protected":false},"excerpt":{"rendered":"<p>El vicepresidente de la c\u00e1mara chaque\u00f1a que agrupa al sector dijo que en estos primeros d\u00edas las empresas proveedoras &#8220;ajustan el precio al momento del env\u00edo de la mercader\u00eda&#8221;. Miguel Simons, vicepresidente de la C\u00e1mara de Supermercados, Almacenes y Afines del Chaco, estim\u00f3 que el traslado a precios que tendr\u00e1 la devaluaci\u00f3n del 22% del [&hellip;]<\/p>\n","protected":false},"author":1,"featured_media":25292,"comment_status":"closed","ping_status":"closed","sticky":false,"template":"","format":"standard","meta":{"footnotes":""},"categories":[6],"tags":[197],"class_list":{"0":"post-25291","1":"post","2":"type-post","3":"status-publish","4":"format-standard","5":"has-post-thumbnail","7":"category-chaco","8":"tag-destacada"},"_links":{"self":[{"href":"https:\/\/chacosintesis.com.ar\/index.php\/wp-json\/wp\/v2\/posts\/25291","targetHints":{"allow":["GET"]}}],"collection":[{"href":"https:\/\/chacosintesis.com.ar\/index.php\/wp-json\/wp\/v2\/posts"}],"about":[{"href":"https:\/\/chacosintesis.com.ar\/index.php\/wp-json\/wp\/v2\/types\/post"}],"author":[{"embeddable":true,"href":"https:\/\/chacosintesis.com.ar\/index.php\/wp-json\/wp\/v2\/users\/1"}],"replies":[{"embeddable":true,"href":"https:\/\/chacosintesis.com.ar\/index.php\/wp-json\/wp\/v2\/comments?post=25291"}],"version-history":[{"count":0,"href":"https:\/\/chacosintesis.com.ar\/index.php\/wp-json\/wp\/v2\/posts\/25291\/revisions"}],"wp:featuredmedia":[{"embeddable":true,"href":"https:\/\/chacosintesis.com.ar\/index.php\/wp-json\/wp\/v2\/media\/25292"}],"wp:attachment":[{"href":"https:\/\/chacosintesis.com.ar\/index.php\/wp-json\/wp\/v2\/media?parent=25291"}],"wp:term":[{"taxonomy":"category","embeddable":true,"href":"https:\/\/chacosintesis.com.ar\/index.php\/wp-json\/wp\/v2\/categories?post=25291"},{"taxonomy":"post_tag","embeddable":true,"href":"https:\/\/chacosintesis.com.ar\/index.php\/wp-json\/wp\/v2\/tags?post=25291"}],"curies":[{"name":"wp","href":"https:\/\/api.w.org\/{rel}","templated":true}]}}