{"id":25277,"date":"2023-08-14T15:41:42","date_gmt":"2023-08-14T18:41:42","guid":{"rendered":"https:\/\/chacosintesis.com.ar\/?p=25277"},"modified":"2023-08-14T16:06:50","modified_gmt":"2023-08-14T19:06:50","slug":"capitanich-se-reunio-con-representantes-de-instituciones-educativas-publicas-y-de-gestion-privada","status":"publish","type":"post","link":"https:\/\/chacosintesis.com.ar\/index.php\/capitanich-se-reunio-con-representantes-de-instituciones-educativas-publicas-y-de-gestion-privada\/","title":{"rendered":"Capitanich se reuni\u00f3 con representantes de instituciones educativas p\u00fablicas y de gesti\u00f3n privada"},"content":{"rendered":"<div class=\"postie-post\">El gobernador Jorge Capitanich se reuni\u00f3 este lunes con casi 100 representantes de instituciones educativas p\u00fablicas y de gesti\u00f3n privada, con quienes deline\u00f3 acciones para mejorar la calidad educativa en la provincia. El primer mandatario provincial comunic\u00f3 en sus redes sociales que se trabajarpa en una ley que regule la educaci\u00f3n de gesti\u00f3n privada, en un sistema de planificaci\u00f3n de metas y en la formaci\u00f3n t\u00e9cnica y profesional. Adem\u00e1s, coment\u00f3 que se dialog\u00f3 sobre el flujo de fondos, del desarrollo de la infraestructura edilicia y de los sistemas de acreditaci\u00f3n de las carreras con regulaci\u00f3n nacional. En este sentido, Capitanich manifest\u00f3 que &#8220;fue una reuni\u00f3n muy positiva y vamos a avanzar en conjunto para mejorar la educaci\u00f3n en nuestra provincia&#8221;.<\/div>\n","protected":false},"excerpt":{"rendered":"<p>El gobernador Jorge Capitanich se reuni\u00f3 este lunes con casi 100 representantes de instituciones educativas p\u00fablicas y de gesti\u00f3n privada, con quienes deline\u00f3 acciones para mejorar la calidad educativa en la provincia. El primer mandatario provincial comunic\u00f3 en sus redes sociales que se trabajarpa en una ley que regule la educaci\u00f3n de gesti\u00f3n privada, en [&hellip;]<\/p>\n","protected":false},"author":1,"featured_media":25278,"comment_status":"closed","ping_status":"closed","sticky":false,"template":"","format":"standard","meta":{"footnotes":""},"categories":[6],"tags":[],"class_list":{"0":"post-25277","1":"post","2":"type-post","3":"status-publish","4":"format-standard","5":"has-post-thumbnail","7":"category-chaco"},"_links":{"self":[{"href":"https:\/\/chacosintesis.com.ar\/index.php\/wp-json\/wp\/v2\/posts\/25277","targetHints":{"allow":["GET"]}}],"collection":[{"href":"https:\/\/chacosintesis.com.ar\/index.php\/wp-json\/wp\/v2\/posts"}],"about":[{"href":"https:\/\/chacosintesis.com.ar\/index.php\/wp-json\/wp\/v2\/types\/post"}],"author":[{"embeddable":true,"href":"https:\/\/chacosintesis.com.ar\/index.php\/wp-json\/wp\/v2\/users\/1"}],"replies":[{"embeddable":true,"href":"https:\/\/chacosintesis.com.ar\/index.php\/wp-json\/wp\/v2\/comments?post=25277"}],"version-history":[{"count":0,"href":"https:\/\/chacosintesis.com.ar\/index.php\/wp-json\/wp\/v2\/posts\/25277\/revisions"}],"wp:featuredmedia":[{"embeddable":true,"href":"https:\/\/chacosintesis.com.ar\/index.php\/wp-json\/wp\/v2\/media\/25278"}],"wp:attachment":[{"href":"https:\/\/chacosintesis.com.ar\/index.php\/wp-json\/wp\/v2\/media?parent=25277"}],"wp:term":[{"taxonomy":"category","embeddable":true,"href":"https:\/\/chacosintesis.com.ar\/index.php\/wp-json\/wp\/v2\/categories?post=25277"},{"taxonomy":"post_tag","embeddable":true,"href":"https:\/\/chacosintesis.com.ar\/index.php\/wp-json\/wp\/v2\/tags?post=25277"}],"curies":[{"name":"wp","href":"https:\/\/api.w.org\/{rel}","templated":true}]}}