{"id":25273,"date":"2023-08-14T15:35:10","date_gmt":"2023-08-14T18:35:10","guid":{"rendered":"https:\/\/chacosintesis.com.ar\/?p=25273"},"modified":"2023-08-14T15:37:29","modified_gmt":"2023-08-14T18:37:29","slug":"resultados-provisorios-en-el-chaco-con-mas-del-98-por-ciento-de-las-mesas-escrutadas","status":"publish","type":"post","link":"https:\/\/chacosintesis.com.ar\/index.php\/resultados-provisorios-en-el-chaco-con-mas-del-98-por-ciento-de-las-mesas-escrutadas\/","title":{"rendered":"Resultados provisorios en el Chaco con m\u00e1s del 98 por ciento de las mesas escrutadas"},"content":{"rendered":"<div class=\"postie-post\">La f\u00f3rmula de Uni\u00f3n por la Patria, Sergio Massa-Agust\u00edn Rossi era la m\u00e1s votada en las PASO nacionales 2023 en la provincia del Chaco.<br \/>\nEn la ma\u00f1ana de este lunes 14 de agosto, con m\u00e1s del 98% de las mesas escrutadas de manera provisoria y una participaci\u00f3n del 63,91% del padr\u00f3n electoral, la f\u00f3rmula de Uni\u00f3n por la Patria, Sergio Massa-Agust\u00edn Rossi era la m\u00e1s votada en las PASO nacionales 2023 en la provincia del Chaco. El frente oficialista cosechaba 216.257 votos, lo que significa el 34,64 % de los votos sufragados hasta las 5.27 de este lunes; distribuidos en 199.837 para Massa-Rossi y 16.420 para Juan Grabois-Paula Abal Medina.<br \/>\nEn tanto, la Libertad Avanza con la f\u00f3rmula Javier Milei-Victoria Villarruel se aseguraba 180.599 votos, para un 28,93% obtenido. A su vez, Juntos por el Cambio sumaba un total de 26,55 % (165.721 sufragios), siendo ganadora de la interna opositora la dupla Patricia Bullrich-Luis Petri (96.192 votos) frente a los 69.529 cosechados por Horacio Rodr\u00edguez Larreta y Gerardo Morales.<br \/>\nHacemos por Nuestro Pa\u00eds, con Juan Schiaretti y Florencia Randazzo obten\u00eda 8833 votos (1,41%) y el Frente de Izquierda y de Trabajadores-Unidad se quedaba con el 1,23% de los sufragios (7710 votos): Finalmente, el Movimiento Libres del Sur, con Jes\u00fas Escobar y Marianella Lezama Hid consegu\u00eda 6141 votos (0,98%).<br \/>\nEn tanto, el pasado 18 de junio vot\u00f3 el 62,93% del padr\u00f3n electoral en la provincia del Chaco.<\/div>\n","protected":false},"excerpt":{"rendered":"<p>La f\u00f3rmula de Uni\u00f3n por la Patria, Sergio Massa-Agust\u00edn Rossi era la m\u00e1s votada en las PASO nacionales 2023 en la provincia del Chaco. En la ma\u00f1ana de este lunes 14 de agosto, con m\u00e1s del 98% de las mesas escrutadas de manera provisoria y una participaci\u00f3n del 63,91% del padr\u00f3n electoral, la f\u00f3rmula de [&hellip;]<\/p>\n","protected":false},"author":1,"featured_media":25274,"comment_status":"closed","ping_status":"closed","sticky":false,"template":"","format":"standard","meta":{"footnotes":""},"categories":[6],"tags":[],"class_list":{"0":"post-25273","1":"post","2":"type-post","3":"status-publish","4":"format-standard","5":"has-post-thumbnail","7":"category-chaco"},"_links":{"self":[{"href":"https:\/\/chacosintesis.com.ar\/index.php\/wp-json\/wp\/v2\/posts\/25273","targetHints":{"allow":["GET"]}}],"collection":[{"href":"https:\/\/chacosintesis.com.ar\/index.php\/wp-json\/wp\/v2\/posts"}],"about":[{"href":"https:\/\/chacosintesis.com.ar\/index.php\/wp-json\/wp\/v2\/types\/post"}],"author":[{"embeddable":true,"href":"https:\/\/chacosintesis.com.ar\/index.php\/wp-json\/wp\/v2\/users\/1"}],"replies":[{"embeddable":true,"href":"https:\/\/chacosintesis.com.ar\/index.php\/wp-json\/wp\/v2\/comments?post=25273"}],"version-history":[{"count":0,"href":"https:\/\/chacosintesis.com.ar\/index.php\/wp-json\/wp\/v2\/posts\/25273\/revisions"}],"wp:featuredmedia":[{"embeddable":true,"href":"https:\/\/chacosintesis.com.ar\/index.php\/wp-json\/wp\/v2\/media\/25274"}],"wp:attachment":[{"href":"https:\/\/chacosintesis.com.ar\/index.php\/wp-json\/wp\/v2\/media?parent=25273"}],"wp:term":[{"taxonomy":"category","embeddable":true,"href":"https:\/\/chacosintesis.com.ar\/index.php\/wp-json\/wp\/v2\/categories?post=25273"},{"taxonomy":"post_tag","embeddable":true,"href":"https:\/\/chacosintesis.com.ar\/index.php\/wp-json\/wp\/v2\/tags?post=25273"}],"curies":[{"name":"wp","href":"https:\/\/api.w.org\/{rel}","templated":true}]}}