{"id":25267,"date":"2023-08-14T15:27:39","date_gmt":"2023-08-14T18:27:39","guid":{"rendered":"https:\/\/chacosintesis.com.ar\/?p=25267"},"modified":"2023-08-14T15:37:14","modified_gmt":"2023-08-14T18:37:14","slug":"capitanich-planteo-la-necesidad-de-un-plan-economico-y-dijo-que-el-nivel-de-confianza-se-recupera-con-un-regimen-monetario-nuevo","status":"publish","type":"post","link":"https:\/\/chacosintesis.com.ar\/index.php\/capitanich-planteo-la-necesidad-de-un-plan-economico-y-dijo-que-el-nivel-de-confianza-se-recupera-con-un-regimen-monetario-nuevo\/","title":{"rendered":"Capitanich plante\u00f3 la necesidad de un plan econ\u00f3mico y dijo que \u201cel nivel de confianza se recupera con un r\u00e9gimen monetario nuevo\u201d"},"content":{"rendered":"<div class=\"postie-post\">El gobernador de la provincia del Chaco habl\u00f3 tras las elecciones nacionales PASO e hizo hincapi\u00e9 en la importancia de ser \u201cm\u00e1s precisos y claros\u201d sobre las propuestas que se quieren implementar.<br \/>\nEl gobernador Jorge Capitanich habl\u00f3 en conferencia de prensa y se refiri\u00f3 a los resultados de las PASO nacionales que se llevaron a cabo el d\u00eda el domingo 13 de agostor. En ese sentido, expres\u00f3 que las elecciones reflejan &#8220;una sensaci\u00f3n de insatisfacci\u00f3n colectiva\u201d y a\u00f1adi\u00f3: \u201cCreo que hay que ser m\u00e1s precisos y claros respecto a lo que hay que hacer\u201d.<br \/>\nEn la ma\u00f1ana de este lunes 14, la f\u00f3rmula de Sergio Massa y Agust\u00edn Rossi de Uni\u00f3n por la Patria se consolid\u00f3 como la m\u00e1s votada en las PASO nacionales 2023 en la provincia del Chaco. \u201cPocas provincias en la Rep\u00fablica Argentina han podido ratificar este triunfo\u201d, expres\u00f3 Capitanich y mencion\u00f3 a Catamarca, Santiago del Estero, Formosa y Buenos Aires. No obstante, si bien afirm\u00f3 que se obtuvo un triunfo con la f\u00f3rmula mencionada, advirti\u00f3 que \u201clas elecciones se han dividido en tres tercios a nivel nacional y efectivamente tambi\u00e9n en la provincia del Chaco\u201d.<br \/>\nEn este sentido, Capitanich manifest\u00f3 que estos resultados implican \u201cuna redefinici\u00f3n de los par\u00e1metros desde el punto de vista de las preferencias electorales para el pr\u00f3ximo 17 de septiembre\u201d. Asimismo, evidenci\u00f3 \u201cun nuevo escenario\u201d de cara a las elecciones generales presidenciales del 22 de octubre. \u201cLas diferencias han sido m\u00ednimas y los votos pueden ser muy din\u00e1micos y muy cambiantes\u201d, agreg\u00f3.<br \/>\nEl gobernador resalt\u00f3 la paridad de la votaci\u00f3n e hizo hincapi\u00e9 en el plano econ\u00f3mico. \u201cCreo que la gente brinda un mensaje muy concreto. Si no somos capaces desde el sistema pol\u00edtico de promover ciertos niveles de consenso para generar un r\u00e9gimen monetario que brinde estabilidad macroecon\u00f3mica, la gente lo va a hacer a trav\u00e9s del sistema electoral\u201d, se\u00f1al\u00f3. Capitanich plante\u00f3 la necesidad de un plan econ\u00f3mico y dijo que \u201cel nivel de confianza se recupera con un r\u00e9gimen monetario nuevo\u201d.<br \/>\nSiguiendo por la misma l\u00ednea, el mandatario provincial reiter\u00f3 que \u201ces un tema que hay que discutir seriamente\u201d. \u201cYo transmit\u00ed claramente cuatro puntos: primero que era necesario un r\u00e9gimen de exteriorizaci\u00f3n de activos financieros y reales, eso significa blanqueo. No puede ser que la Rep\u00fablica Argentina tenga m\u00e1s de 400 mil millones de d\u00f3lares fuera del circuito financiero y la mitad de la econom\u00eda de car\u00e1cter informal. El segundo paso es tener un r\u00e9gimen multimonetario, es decir, que pueda tranzar en cualquier moneda. Tercero, necesitamos un r\u00e9gimen de moneda digital de curso legal obligatorio. Y, por \u00faltimo, todos los pasivos remunerados del Banco Central generar las condiciones para que efectivamente esos pasivos puedan tener destino para producir bienes y servicios o, eventualmente, generar obras de infraestructura social b\u00e1sica\u201d, detall\u00f3.<br \/>\n\u201cLa gente demanda estabilidad macroecon\u00f3mica y una serie de herramientas que el sistema pol\u00edtico lo tiene que analizar e implementar pero, si no hay ciertos consensos b\u00e1sicos en el desenvolvimiento de la actividad econ\u00f3mica, entonces no se puede hacer\u201d, expres\u00f3 el gobernador, y concluy\u00f3: \u201cSoy de los que piensa como Per\u00f3n, a esto lo arreglamos entre todos o no lo arregla nadie\u201d.<\/div>\n","protected":false},"excerpt":{"rendered":"<p>El gobernador de la provincia del Chaco habl\u00f3 tras las elecciones nacionales PASO e hizo hincapi\u00e9 en la importancia de ser \u201cm\u00e1s precisos y claros\u201d sobre las propuestas que se quieren implementar. El gobernador Jorge Capitanich habl\u00f3 en conferencia de prensa y se refiri\u00f3 a los resultados de las PASO nacionales que se llevaron a [&hellip;]<\/p>\n","protected":false},"author":1,"featured_media":25268,"comment_status":"closed","ping_status":"closed","sticky":false,"template":"","format":"standard","meta":{"footnotes":""},"categories":[6],"tags":[],"class_list":{"0":"post-25267","1":"post","2":"type-post","3":"status-publish","4":"format-standard","5":"has-post-thumbnail","7":"category-chaco"},"_links":{"self":[{"href":"https:\/\/chacosintesis.com.ar\/index.php\/wp-json\/wp\/v2\/posts\/25267","targetHints":{"allow":["GET"]}}],"collection":[{"href":"https:\/\/chacosintesis.com.ar\/index.php\/wp-json\/wp\/v2\/posts"}],"about":[{"href":"https:\/\/chacosintesis.com.ar\/index.php\/wp-json\/wp\/v2\/types\/post"}],"author":[{"embeddable":true,"href":"https:\/\/chacosintesis.com.ar\/index.php\/wp-json\/wp\/v2\/users\/1"}],"replies":[{"embeddable":true,"href":"https:\/\/chacosintesis.com.ar\/index.php\/wp-json\/wp\/v2\/comments?post=25267"}],"version-history":[{"count":0,"href":"https:\/\/chacosintesis.com.ar\/index.php\/wp-json\/wp\/v2\/posts\/25267\/revisions"}],"wp:featuredmedia":[{"embeddable":true,"href":"https:\/\/chacosintesis.com.ar\/index.php\/wp-json\/wp\/v2\/media\/25268"}],"wp:attachment":[{"href":"https:\/\/chacosintesis.com.ar\/index.php\/wp-json\/wp\/v2\/media?parent=25267"}],"wp:term":[{"taxonomy":"category","embeddable":true,"href":"https:\/\/chacosintesis.com.ar\/index.php\/wp-json\/wp\/v2\/categories?post=25267"},{"taxonomy":"post_tag","embeddable":true,"href":"https:\/\/chacosintesis.com.ar\/index.php\/wp-json\/wp\/v2\/tags?post=25267"}],"curies":[{"name":"wp","href":"https:\/\/api.w.org\/{rel}","templated":true}]}}