{"id":25253,"date":"2023-08-14T14:58:30","date_gmt":"2023-08-14T17:58:30","guid":{"rendered":"https:\/\/chacosintesis.com.ar\/?p=25253"},"modified":"2023-08-14T15:07:55","modified_gmt":"2023-08-14T18:07:55","slug":"paso-en-chaco-union-por-la-patria-se-consumo-como-el-ganador-en-la-carrera-presidencial","status":"publish","type":"post","link":"https:\/\/chacosintesis.com.ar\/index.php\/paso-en-chaco-union-por-la-patria-se-consumo-como-el-ganador-en-la-carrera-presidencial\/","title":{"rendered":"PASO en Chaco: Uni\u00f3n por la Patria se consum\u00f3 como el ganador en la carrera presidencial"},"content":{"rendered":"<div class=\"postie-post\">La elecci\u00f3n de este domingo represent\u00f3 la que menor participaci\u00f3n electoral tuvo desde el retorno de la Democracia en la provincia. La f\u00f3rmula m\u00e1s votada fue la de Sergio Massa, mientras que Juntos por el Cambio no gan\u00f3 en ning\u00fan departamento.<br \/>\nLa elecci\u00f3n de este \u00faltimo domingo en marco de las Primarias, Abiertas, Simult\u00e1neas y Obligatorias (PASO) dej\u00f3 mucha tela para cortar en el Chaco de acuerdo a un informe brindado por Politikon con los datos actualizados hasta minutos antes de las 5:30, donde ya hab\u00eda un escrutinio de m\u00e1s del 98% en todos los departamentos.<br \/>\nEntre los principales datos, destacaron que en Chaco, el frente oficialista Uni\u00f3n por la Patria se impon\u00eda con el 34,64% de los votos; en segundo lugar se ubicaba La Libertad Avanza con el 28,93% y tercero quedaba Juntos por el Cambio con el 26,55%. La suma de estas tres fuerzas equivale al 90,12% de los votos totales en la provincia para la categor\u00eda Presidente.<br \/>\nEl nivel de participaci\u00f3n era del 63,9%, convirti\u00e9ndose en el m\u00e1s bajo de la provincia para una elecci\u00f3n presidencial (incluyendo PASO y generales) desde el retorno a la democracia. En l\u00ednea con lo observado a nivel nacional, es la primera vez que una elecci\u00f3n que incluye categor\u00eda de Presidente no supera el 70% de participaci\u00f3n. A esto se le agrega que tambi\u00e9n cayeron los votos en blanco (de 54.606 en 2019 a 24.804), mientras que los votos nulos totalizaron 8.167 en 2019 y en 2023, al momento, se ubican en torno a los 6.291 (incluyendo impugnados).<br \/>\nAdem\u00e1s, desde el a\u00f1o 1983 a la fecha es la segunda vez en el Chaco donde las tres primeras fuerzas obtienen m\u00e1s del 20% de los votos: la \u00fanica vez que esto hab\u00eda ocurrido en el Chaco fue en el a\u00f1o 2007, cuando el Frente para la Victoria de Cristina Fern\u00e1ndez de Kirchner se impuso con el 49,52%. A su vez, es la primera vez en el Chaco, que una fuerza pol\u00edtica no justicialista ni radical ocupa el segundo lugar como fuerza m\u00e1s votada.<br \/>\nUni\u00f3n por la Patria obtuvo 216.257 votos este domingo en el Chaco, un 44% menos que en 2019, cuando consigui\u00f3 388.866 (172.609 menos). Juntos por el Cambio pas\u00f3 de 169.346 votos en 2019 a 165.721 en esta oportunidad, una ca\u00edda del 2,1% (-3.625). Por su lado, La Libertad Avanza consigui\u00f3 180.559 en esta oportunidad, lo que, a comparaci\u00f3n de otros espacios de derecha en elecciones anteriores, representa un crecimiento de 347%.<br \/>\nResultados desagregados<br \/>\nAl observar los resultados en los 25 departamentos de la provincia del Chaco, en 21 de ellos triunf\u00f3 Uni\u00f3n por la Patria mientras que en 4 sali\u00f3 victorioso La Libertad Avanza. Juntos por el Cambio, por el contrario, no logr\u00f3 ganar en ning\u00fan departamento.<br \/>\nEl frente liberal triunf\u00f3 en San Fernando (que tiene su cabecera en la capital Resistencia), que concentra el 36,6% del padr\u00f3n electoral, en Comandante Fern\u00e1ndez (con Sa\u00e9nz Pe\u00f1a a la cabeza), que representa el 8,9% del padr\u00f3n, y en Chacabuco (con Charata como cabecera) que concentra el 2,9%. Adem\u00e1s, triunf\u00f3 en 2 de Abril (donde es cabecera Hermoso Campo) que representa el 0,7% del padr\u00f3n. Entre estos cuatro departamentos juntos explican el 48,9% del padr\u00f3n total del Chaco, aunque en ninguno de los casos la victoria fue holgada.<br \/>\nPanorama nacional<br \/>\nCon el 97,4% de las mesas escrutadas (\u00faltima actualizaci\u00f3n a las 05:27 del 14 de Agosto), Javier Milei del frente La Libertad Avanza se impon\u00eda en las elecciones P.A.S.O 2023 en todo el territorio nacional obteniendo el 30,04% de los votos (7.116.352 votos); en segundo lugar qued\u00f3 el frente Juntos por el Cambio con el 28,27% (6.698.029 votos), espacio donde Patricia Bullrich se impon\u00eda en la interna con el 60% de los votos, el frente oficialista Uni\u00f3n por la Patria se ubica tercero con el 27,27% (6.460.689 votos) con Sergio Massa imponi\u00e9ndose en la interna frente a Juan Grabois.<br \/>\nA nivel individual, Javier Milei (LLA) fue el precandidato m\u00e1s votado, seguido por Sergio Massa (UxP) y Patricia Bullrich (JxC). Por ende, los tres fueron consagrados como candidatos para competir en las generales del mes de octubre, algo que tambi\u00e9n lograron Juan Schiaretti del frente Hacemos por Nuestro Pa\u00eds (obtuvo el 3,83% de los votos) y Myriam Bregman del Frente de Izquierda y de Trabajadores (que le gan\u00f3 la interna a Gabriel Solano y el frente totaliz\u00f3 2,65% de los votos).<br \/>\nLos frentes que no alcanzaron el piso y, por ende, quedan afuera de la elecci\u00f3n general de octubre fueron Principios y Valores (0,79%); Libres del Sur (0,65%); Movimiento al Socialismo (0,36%); Movimiento Izquierda, Juventud y Dignidad (0,34%); Pol\u00edtica Obrera (0,26%); Frente Patriota Federal (0,21%); Movimiento de Acci\u00f3n Vecinal (0,17%); Frente Liber.Ar (0,10%); Frente Joven (0,10%); y Uni\u00f3n del Centro Democr\u00e1tico (0,05%).<\/div>\n","protected":false},"excerpt":{"rendered":"<p>La elecci\u00f3n de este domingo represent\u00f3 la que menor participaci\u00f3n electoral tuvo desde el retorno de la Democracia en la provincia. La f\u00f3rmula m\u00e1s votada fue la de Sergio Massa, mientras que Juntos por el Cambio no gan\u00f3 en ning\u00fan departamento. La elecci\u00f3n de este \u00faltimo domingo en marco de las Primarias, Abiertas, Simult\u00e1neas y [&hellip;]<\/p>\n","protected":false},"author":1,"featured_media":25254,"comment_status":"closed","ping_status":"closed","sticky":false,"template":"","format":"standard","meta":{"footnotes":""},"categories":[6],"tags":[],"class_list":{"0":"post-25253","1":"post","2":"type-post","3":"status-publish","4":"format-standard","5":"has-post-thumbnail","7":"category-chaco"},"_links":{"self":[{"href":"https:\/\/chacosintesis.com.ar\/index.php\/wp-json\/wp\/v2\/posts\/25253","targetHints":{"allow":["GET"]}}],"collection":[{"href":"https:\/\/chacosintesis.com.ar\/index.php\/wp-json\/wp\/v2\/posts"}],"about":[{"href":"https:\/\/chacosintesis.com.ar\/index.php\/wp-json\/wp\/v2\/types\/post"}],"author":[{"embeddable":true,"href":"https:\/\/chacosintesis.com.ar\/index.php\/wp-json\/wp\/v2\/users\/1"}],"replies":[{"embeddable":true,"href":"https:\/\/chacosintesis.com.ar\/index.php\/wp-json\/wp\/v2\/comments?post=25253"}],"version-history":[{"count":0,"href":"https:\/\/chacosintesis.com.ar\/index.php\/wp-json\/wp\/v2\/posts\/25253\/revisions"}],"wp:featuredmedia":[{"embeddable":true,"href":"https:\/\/chacosintesis.com.ar\/index.php\/wp-json\/wp\/v2\/media\/25254"}],"wp:attachment":[{"href":"https:\/\/chacosintesis.com.ar\/index.php\/wp-json\/wp\/v2\/media?parent=25253"}],"wp:term":[{"taxonomy":"category","embeddable":true,"href":"https:\/\/chacosintesis.com.ar\/index.php\/wp-json\/wp\/v2\/categories?post=25253"},{"taxonomy":"post_tag","embeddable":true,"href":"https:\/\/chacosintesis.com.ar\/index.php\/wp-json\/wp\/v2\/tags?post=25253"}],"curies":[{"name":"wp","href":"https:\/\/api.w.org\/{rel}","templated":true}]}}