{"id":25249,"date":"2023-08-14T14:55:33","date_gmt":"2023-08-14T17:55:33","guid":{"rendered":"https:\/\/chacosintesis.com.ar\/?p=25249"},"modified":"2023-08-14T15:07:47","modified_gmt":"2023-08-14T18:07:47","slug":"resistencia-y-puerto-tirol-se-preparan-para-el-festival-de-teatro-adolescente","status":"publish","type":"post","link":"https:\/\/chacosintesis.com.ar\/index.php\/resistencia-y-puerto-tirol-se-preparan-para-el-festival-de-teatro-adolescente\/","title":{"rendered":"Resistencia y Puerto Tirol se preparan para el Festival de Teatro Adolescente"},"content":{"rendered":"<div class=\"postie-post\">Chaco ser\u00e1 sede del Festival de Teatro Adolescente &#8220;Vamos que venimos&#8221;, que se realizar\u00e1 del 18 al 21 de este mes en Resistencia y Puerto Tirol con entradas libres y gratuitas. Auspician el Ministerio de Educaci\u00f3n y el Instituto de Cultura de la Provincia, y organiza el Grupo de Teatro Independiente Folio.<br \/>\nEl ministro de Educaci\u00f3n, Cultura, Ciencia y Tecnolog\u00eda del Chaco Aldo Lineras y el presidente del Instituto de Cultura Chaque\u00f1o Francisco \u201cTete\u201d Romero lanzaron este lunes el Festival de Teatro Adolescente \u201cVamos que Venimos \u2013 Edici\u00f3n Chaco\u201d. El festival, que se desarrollar\u00e1 del 18 al 21 de agosto en escenarios de Resistencia y de Puerto Tirol con entradas libres y gratuitas, ofrece una propuesta cultural, social y educativa que coloca en el centro de la escena a cientos de adolescentes.<br \/>\nEl evento, que comenz\u00f3 en la Ciudad de Buenos Aires hace 14 a\u00f1os, cuenta tambi\u00e9n con sedes en C\u00f3rdoba, Jujuy y en Brasil, Chile y Uruguay. Es, adem\u00e1s, un referente art\u00edstico a nivel internacional, por lo que es importante la participaci\u00f3n del Chaco. El festival cuenta con elencos de Resistencia, Villa \u00c1ngela y San Bernardo; adem\u00e1s de un elenco invitado desde la Ciudad Aut\u00f3noma de Buenos Aires.<br \/>\n\u201cEsta propuesta interpela a las y los estudiantes con el teatro como experiencia educativa desde la lectura de un texto hasta su representaci\u00f3n, se apunta a una formaci\u00f3n integral con construcci\u00f3n de ciudadan\u00eda, convivencia y conciencia. El arte, la literatura y el teatro son elementos fundamentales para conseguirlo\u201d, expres\u00f3 el ministro Lineras.<br \/>\nEl presidente del Instituto de Cultura Francisco Romero destac\u00f3 la vigencia de la cultura independiente en todo el Chaco, principalmente en Resistencia. \u201cLas y los j\u00f3venes que est\u00e1n transformando las artes, lo otro que venimos a celebrar es que existen pol\u00edticas p\u00fablicas, desde la cultura y educaci\u00f3n p\u00fablica\u201d, subray\u00f3.<br \/>\nEl equipo organizador est\u00e1 compuesto por artistas pertenecientes al Grupo de Teatro Independiente Folio que trabaja actualmente en Casa Cultural Kandanga, y naci\u00f3 a finales del a\u00f1o 2019. Est\u00e1 conformado enteramente por juventudes y disidencias quienes ya cuentan con experiencia en la realizaci\u00f3n y coordinaci\u00f3n de festivales.<br \/>\nAcompa\u00f1aron este lanzamiento, la directora de Educaci\u00f3n Art\u00edstica del Ministerio de Educaci\u00f3n, Gabriela Ojeda; el director del \u00e1rea de Lenguajes Art\u00edsticos del Instituto de Cultura de la Provincia, Walter Carbonell; el referente regional del Instituto Nacional del Teatro, Marcelo Padell\u00edn; as\u00ed como tambi\u00e9n j\u00f3venes actores del Grupo Folio.<\/div>\n","protected":false},"excerpt":{"rendered":"<p>Chaco ser\u00e1 sede del Festival de Teatro Adolescente &#8220;Vamos que venimos&#8221;, que se realizar\u00e1 del 18 al 21 de este mes en Resistencia y Puerto Tirol con entradas libres y gratuitas. Auspician el Ministerio de Educaci\u00f3n y el Instituto de Cultura de la Provincia, y organiza el Grupo de Teatro Independiente Folio. El ministro de [&hellip;]<\/p>\n","protected":false},"author":1,"featured_media":25250,"comment_status":"closed","ping_status":"closed","sticky":false,"template":"","format":"standard","meta":{"footnotes":""},"categories":[6],"tags":[],"class_list":{"0":"post-25249","1":"post","2":"type-post","3":"status-publish","4":"format-standard","5":"has-post-thumbnail","7":"category-chaco"},"_links":{"self":[{"href":"https:\/\/chacosintesis.com.ar\/index.php\/wp-json\/wp\/v2\/posts\/25249","targetHints":{"allow":["GET"]}}],"collection":[{"href":"https:\/\/chacosintesis.com.ar\/index.php\/wp-json\/wp\/v2\/posts"}],"about":[{"href":"https:\/\/chacosintesis.com.ar\/index.php\/wp-json\/wp\/v2\/types\/post"}],"author":[{"embeddable":true,"href":"https:\/\/chacosintesis.com.ar\/index.php\/wp-json\/wp\/v2\/users\/1"}],"replies":[{"embeddable":true,"href":"https:\/\/chacosintesis.com.ar\/index.php\/wp-json\/wp\/v2\/comments?post=25249"}],"version-history":[{"count":0,"href":"https:\/\/chacosintesis.com.ar\/index.php\/wp-json\/wp\/v2\/posts\/25249\/revisions"}],"wp:featuredmedia":[{"embeddable":true,"href":"https:\/\/chacosintesis.com.ar\/index.php\/wp-json\/wp\/v2\/media\/25250"}],"wp:attachment":[{"href":"https:\/\/chacosintesis.com.ar\/index.php\/wp-json\/wp\/v2\/media?parent=25249"}],"wp:term":[{"taxonomy":"category","embeddable":true,"href":"https:\/\/chacosintesis.com.ar\/index.php\/wp-json\/wp\/v2\/categories?post=25249"},{"taxonomy":"post_tag","embeddable":true,"href":"https:\/\/chacosintesis.com.ar\/index.php\/wp-json\/wp\/v2\/tags?post=25249"}],"curies":[{"name":"wp","href":"https:\/\/api.w.org\/{rel}","templated":true}]}}