{"id":25245,"date":"2023-08-14T14:49:13","date_gmt":"2023-08-14T17:49:13","guid":{"rendered":"https:\/\/chacosintesis.com.ar\/?p=25245"},"modified":"2023-08-14T15:07:37","modified_gmt":"2023-08-14T18:07:37","slug":"juegos-evita-adaptados-chaco-ya-cuenta-con-sus-representantes-para-la-gran-final-nacional","status":"publish","type":"post","link":"https:\/\/chacosintesis.com.ar\/index.php\/juegos-evita-adaptados-chaco-ya-cuenta-con-sus-representantes-para-la-gran-final-nacional\/","title":{"rendered":"Juegos Evita Adaptados: Chaco ya cuenta con sus representantes para la gran final nacional"},"content":{"rendered":"<div class=\"postie-post\">Las disciplinas en las que compitieron fueron: nataci\u00f3n, boccia, v\u00f3ley sentado, tenis de mesa, powerlifting, f\u00fatbol 3, tiro con arco, b\u00e1dminton y goalball.<br \/>\nEl certamen fue clasificatorio para conformar el equipo chaque\u00f1o, que representar\u00e1 a la provincia del Chaco en la gran final nacional de los Juegos Evita 2023 para personas con discapacidad. La final nacional se llevar\u00e1 a cabo del 24 al 30 de septiembre.<br \/>\nLas disciplinas en las que compitieron fueron: nataci\u00f3n, boccia, v\u00f3ley sentado, tenis de mesa, powerlifting, f\u00fatbol 3, tiro con arco, b\u00e1dminton y goalball.<br \/>\n\u201cVemos al deporte como un valor y un derecho para garantizar la formaci\u00f3n la  inclusi\u00f3n  y la accesibilidad\u201d, expres\u00f3 el presidente del Instituto del Deporte Chaque\u00f1o, Osvaldo P\u00e9rez Cuevas.<br \/>\nClasificados<\/p>\n<p>Tenis de Mesa (\u00e1rea discapacidad) sub 18<br \/>\nMonz\u00f3n Jos\u00e9 M. \u00c1ngel, N\u00fa\u00f1ez Juana Milagros, Wirniak Diego Ezequiel<br \/>\nBoccia (\u00e1rea discapacidad) sub 18<br \/>\nCheij Dylan Ezequiel, Merlo Leandro Ezequiel, Casco Ana Antonella, Ver\u00f3n Fernando  Alejandro, Gonz\u00e1lez Bruno Patricio<br \/>\nBadminton (\u00e1rea discapacidad) sub 18<br \/>\nAyala Ramona Agustina, S\u00e1nchez Agust\u00edn Nicol\u00e1s, Astorga Morello German, Ayala Carlos<br \/>\nF\u00fatbol 3 (\u00e1rea discapacidad) sub 18<br \/>\nEscobar \u00c1ngel Gabriel, Guti\u00e9rrez Francisco Dami\u00e1n, Flores Lourdes Antonella<br \/>\nNataci\u00f3n<br \/>\nSub 14 motor, Bombares Rudy<br \/>\nIntelectual. G\u00f3mez M\u00e1ximo. G\u00f3mez Oviedo Melani.<br \/>\nVisual Odria kevin.<br \/>\nSub 16. Motor. Leguiza Lucas. Rosales Delpech Amelia.<br \/>\nIntelectual Gonz\u00e1lez Gabriel. L\u00f3pez milagros<br \/>\nVisual. Basualdo Alejandro<br \/>\nPowerlifting (\u00e1rea discapacidad) sub 18<br \/>\nFern\u00e1ndez Lautaro Daniel, S\u00e1nchez Bel\u00e9n Ayelen<br \/>\nGoalball (\u00e1rea discapacidad) \u2013 mixto sub 18<br \/>\nVallejos Micaela, Roa Miqueas Jerem\u00edas, N\u00fa\u00f1ez Mat\u00edas, De La Rosa David<br \/>\nTiro con Arco (\u00e1rea discapacidad) mixto sub 18<br \/>\nMolina Shirey Nahir, S\u00e1nchez Agust\u00edn Nicol\u00e1s, Romero Mat\u00edas Ezequiel<br \/>\nVoley Sentado (\u00e1rea discapacidad) mixto sub 18<br \/>\nSoto Abraham Lara Sof\u00eda, Morinigo Rore Joaqu\u00edn G., G\u00f3mez Joel Alejandro, Fern\u00e1ndez, Ulises David, G\u00f3mez Victoria Guadalupe<\/p><\/div>\n","protected":false},"excerpt":{"rendered":"<p>Las disciplinas en las que compitieron fueron: nataci\u00f3n, boccia, v\u00f3ley sentado, tenis de mesa, powerlifting, f\u00fatbol 3, tiro con arco, b\u00e1dminton y goalball. El certamen fue clasificatorio para conformar el equipo chaque\u00f1o, que representar\u00e1 a la provincia del Chaco en la gran final nacional de los Juegos Evita 2023 para personas con discapacidad. La final [&hellip;]<\/p>\n","protected":false},"author":1,"featured_media":25246,"comment_status":"closed","ping_status":"closed","sticky":false,"template":"","format":"standard","meta":{"footnotes":""},"categories":[6],"tags":[],"class_list":{"0":"post-25245","1":"post","2":"type-post","3":"status-publish","4":"format-standard","5":"has-post-thumbnail","7":"category-chaco"},"_links":{"self":[{"href":"https:\/\/chacosintesis.com.ar\/index.php\/wp-json\/wp\/v2\/posts\/25245","targetHints":{"allow":["GET"]}}],"collection":[{"href":"https:\/\/chacosintesis.com.ar\/index.php\/wp-json\/wp\/v2\/posts"}],"about":[{"href":"https:\/\/chacosintesis.com.ar\/index.php\/wp-json\/wp\/v2\/types\/post"}],"author":[{"embeddable":true,"href":"https:\/\/chacosintesis.com.ar\/index.php\/wp-json\/wp\/v2\/users\/1"}],"replies":[{"embeddable":true,"href":"https:\/\/chacosintesis.com.ar\/index.php\/wp-json\/wp\/v2\/comments?post=25245"}],"version-history":[{"count":0,"href":"https:\/\/chacosintesis.com.ar\/index.php\/wp-json\/wp\/v2\/posts\/25245\/revisions"}],"wp:featuredmedia":[{"embeddable":true,"href":"https:\/\/chacosintesis.com.ar\/index.php\/wp-json\/wp\/v2\/media\/25246"}],"wp:attachment":[{"href":"https:\/\/chacosintesis.com.ar\/index.php\/wp-json\/wp\/v2\/media?parent=25245"}],"wp:term":[{"taxonomy":"category","embeddable":true,"href":"https:\/\/chacosintesis.com.ar\/index.php\/wp-json\/wp\/v2\/categories?post=25245"},{"taxonomy":"post_tag","embeddable":true,"href":"https:\/\/chacosintesis.com.ar\/index.php\/wp-json\/wp\/v2\/tags?post=25245"}],"curies":[{"name":"wp","href":"https:\/\/api.w.org\/{rel}","templated":true}]}}