{"id":25223,"date":"2023-08-14T09:04:33","date_gmt":"2023-08-14T12:04:33","guid":{"rendered":"https:\/\/chacosintesis.com.ar\/?p=25223"},"modified":"2023-08-14T09:07:36","modified_gmt":"2023-08-14T12:07:36","slug":"sergio-massa-es-el-candidato-mas-votado-en-la-provincia-del-chaco","status":"publish","type":"post","link":"https:\/\/chacosintesis.com.ar\/index.php\/sergio-massa-es-el-candidato-mas-votado-en-la-provincia-del-chaco\/","title":{"rendered":"&#8220;Sergio Massa es el candidato m\u00e1s votado en la provincia del Chaco&#8221;"},"content":{"rendered":"<div class=\"postie-post\">El gobernador invit\u00f3 a seguir confiando para mantener alineados Provincia y Naci\u00f3n y trabajar juntos &#8220;para resolver los problemas de la comunidad&#8221;.<\/p>\n<p>El gobernador de la provincia del Chaco, Jorge Capitanich se\u00f1al\u00f3 esta noche que el precandidato a presidente de Uni\u00f3n por la Patria, Sergio Massa, es el m\u00e1s votado de la provincia. e invit\u00f3 a seguir confiando para mantener alineados Provincia y Naci\u00f3n y trabajar juntos &#8220;para resolver los problemas de la comunidad&#8221;. \u201cSergio Massa es el candidato m\u00e1s votado en la provincia de Chaco. Por eso quiero transmitir c\u00e1lidas y afectuosas felicitaciones a todos los que integran este espacio\u201d, se\u00f1al\u00f3 el gobernador Capitanich en conferencia de prensa en la sede del PJ provincial.<br \/>\nEn ese sentido, felicit\u00f3 a los candidatos \u201cque han participado muy activamente en este proceso electoral, a la militancia activa en todas y cada una de las localidades, a los intendentes e intendentas, concejales, concejalas, dirigentes, referentes\u201d, agreg\u00f3. \u201cMuchas gracias, muchas gracias por el esfuerzo, la convicci\u00f3n, el trabajo realizado para generar las condiciones que nos permita reivindicar este aut\u00e9ntico triunfo electoral. Por eso tambi\u00e9n quiero expresar mis c\u00e1lidas y afectuosas felicitaciones al pueblo de la provincia de Chaco, a la ciudadan\u00eda por haber participado activamente en estas Primarias Abiertas, Obligatorias y Simult\u00e1neas. Esto para nosotros constituye un s\u00edntoma de recuperaci\u00f3n de nuestra confianza y sobre todo tambi\u00e9n el desaf\u00edo de escuchar\u201d, sum\u00f3. De la conferencia de prensa tambi\u00e9n participaron la vicegobernadora Anal\u00eda Rach Quiroga y precandidatas y precandidatos a legisladores nacionales y del Parlasur.<br \/>\n\u201cHemos sido conscientes en todo este tiempo de una metodolog\u00eda de agenda de cercan\u00eda, de proximidad con vecinos y vecinos en distintas localidades, tanto comunidades urbanas como rurales, que nos plantean un mensaje. Creo que es importante remarcar lo siguiente. Si uno mira ya las proyecciones, el escrutinio por m\u00e1s del 70% de las mesas escrutadas en la provincia marca una tendencia, m\u00e1s o menos, cercana al 36% para la lista Uni\u00f3n por la Patria\u201d, expres\u00f3. Seg\u00fan indic\u00f3, Libertad Avanza tiene un porcentaje del 30% y Juntos por el Cambio supera al 27%.<br \/>\n\u201cEso significa que tambi\u00e9n hay un mensaje muy concreto por parte del electorado que nosotros debemos escuchar, tanto a nivel nacional como a nivel provincial. Y eso es muy importante porque escuchar significa entender, comprender el mensaje de las urnas para trabajar mucho y bien, no solamente para el 17 de septiembre sino tambi\u00e9n para el 22 de octubre\u201d, resalt\u00f3.<br \/>\n\u201cLa gente nos reclama permanentemente la seguridad p\u00fablica, nos reclama poner l\u00edmite al abordaje de movimientos sociales que cortan rutas y calles, nos plantea claramente una agenda de l\u00edmites. Y esa agenda de l\u00edmites es necesaria que nosotros la podamos comprender en toda su intensidad\u201d, se\u00f1al\u00f3 como lectura pol\u00edtica.<br \/>\nAdem\u00e1s, agreg\u00f3 que la seguridad p\u00fablica tambi\u00e9n va directamente engarzada en consumos problem\u00e1ticos y eso significa abordarlo de manera integral en materia de prevenci\u00f3n. \u201cEs un problema que asfixia y preocupa a la ciudadan\u00eda. Lo mismo que nos piden vecinos y vecinas que por m\u00e1s que no sea nuestra responsabilidad, estamos trabajando con ripio, estamos trabajando con pavimento urbano, estamos trabajando con alumbrado p\u00fablico, estamos trabajando con consumos problem\u00e1ticos, estamos trabajando, reforzando salud p\u00fablica con m\u00e1s insumos, con m\u00e1s medicamentos, con m\u00e1s m\u00e9dicos. Bueno, eso es lo que el pueblo nos reclama\u201d, indic\u00f3.<\/p>\n<p>Sobre la figura de Sergio Massa, destac\u00f3 que \u201cha hecho un gran esfuerzo a nivel nacional para generar las condiciones despu\u00e9s de una estrepitosa deuda generada por el gobierno de Macri. 100.000 millones de d\u00f3lares y a su vez 88.000 millones de d\u00f3lares que se constituyeron en fugas de capitales. Esa es la consecuencia que pagamos hoy argentinos y argentinas con la inestabilidad cambiaria que a su vez se traduce en precios y que naturalmente genera incertidumbre para nuestra comunidad\u201d, destac\u00f3.<br \/>\n\u201cNo me cabe la menor duda que Sergio Massa y Agust\u00edn Rossi constituyen la f\u00f3rmula que nos permitir\u00e1 transitar este camino para resolver los problemas de Argentina. Y lo tenemos que acompa\u00f1ar chaque\u00f1os y chaque\u00f1as porque queda claro que el mayor crecimiento y el mayor desarrollo de la provincia ha sido cuando hemos tenido un gobierno nacional, del mismo signo pol\u00edtico, trabajando juntos para resolver los problemas de la comunidad\u201d, cerr\u00f3 enf\u00e1tico Capitanich.<\/p><\/div>\n","protected":false},"excerpt":{"rendered":"<p>El gobernador invit\u00f3 a seguir confiando para mantener alineados Provincia y Naci\u00f3n y trabajar juntos &#8220;para resolver los problemas de la comunidad&#8221;. El gobernador de la provincia del Chaco, Jorge Capitanich se\u00f1al\u00f3 esta noche que el precandidato a presidente de Uni\u00f3n por la Patria, Sergio Massa, es el m\u00e1s votado de la provincia. e invit\u00f3 [&hellip;]<\/p>\n","protected":false},"author":1,"featured_media":25224,"comment_status":"closed","ping_status":"closed","sticky":false,"template":"","format":"standard","meta":{"footnotes":""},"categories":[6],"tags":[],"class_list":{"0":"post-25223","1":"post","2":"type-post","3":"status-publish","4":"format-standard","5":"has-post-thumbnail","7":"category-chaco"},"_links":{"self":[{"href":"https:\/\/chacosintesis.com.ar\/index.php\/wp-json\/wp\/v2\/posts\/25223","targetHints":{"allow":["GET"]}}],"collection":[{"href":"https:\/\/chacosintesis.com.ar\/index.php\/wp-json\/wp\/v2\/posts"}],"about":[{"href":"https:\/\/chacosintesis.com.ar\/index.php\/wp-json\/wp\/v2\/types\/post"}],"author":[{"embeddable":true,"href":"https:\/\/chacosintesis.com.ar\/index.php\/wp-json\/wp\/v2\/users\/1"}],"replies":[{"embeddable":true,"href":"https:\/\/chacosintesis.com.ar\/index.php\/wp-json\/wp\/v2\/comments?post=25223"}],"version-history":[{"count":0,"href":"https:\/\/chacosintesis.com.ar\/index.php\/wp-json\/wp\/v2\/posts\/25223\/revisions"}],"wp:featuredmedia":[{"embeddable":true,"href":"https:\/\/chacosintesis.com.ar\/index.php\/wp-json\/wp\/v2\/media\/25224"}],"wp:attachment":[{"href":"https:\/\/chacosintesis.com.ar\/index.php\/wp-json\/wp\/v2\/media?parent=25223"}],"wp:term":[{"taxonomy":"category","embeddable":true,"href":"https:\/\/chacosintesis.com.ar\/index.php\/wp-json\/wp\/v2\/categories?post=25223"},{"taxonomy":"post_tag","embeddable":true,"href":"https:\/\/chacosintesis.com.ar\/index.php\/wp-json\/wp\/v2\/tags?post=25223"}],"curies":[{"name":"wp","href":"https:\/\/api.w.org\/{rel}","templated":true}]}}