{"id":25219,"date":"2023-08-13T14:34:51","date_gmt":"2023-08-13T17:34:51","guid":{"rendered":"https:\/\/chacosintesis.com.ar\/?p=25219"},"modified":"2023-08-13T14:38:35","modified_gmt":"2023-08-13T17:38:35","slug":"cual-sera-la-modalidad-de-clases-en-las-escuelas-afectadas-a-las-elecciones-en-chaco","status":"publish","type":"post","link":"https:\/\/chacosintesis.com.ar\/index.php\/cual-sera-la-modalidad-de-clases-en-las-escuelas-afectadas-a-las-elecciones-en-chaco\/","title":{"rendered":"\u00bfCu\u00e1l ser\u00e1 la modalidad de clases en las escuelas afectadas a las elecciones en Chaco?"},"content":{"rendered":"<div class=\"postie-post\">Ma\u00f1ana lunes 14, en los establecimientos educativos de jornada simple no se dictar\u00e1n clases en el turno ma\u00f1ana. Los de jornada completa suspender\u00e1n las actividades durante todo el d\u00eda.<\/p>\n<p>El ministro Aldo Lineras detall\u00f3 c\u00f3mo ser\u00e1 la modalidad de clases de las escuelas en las que se realizan las elecciones PASO, para concretar las tareas de limpieza correspondientes. Se trata de 388 establecimientos educativos de la provincia que se encuentran afectadas para las mismas.<br \/>\nEn este sentido, Lineras explic\u00f3 que la modalidad que se sigue en estos casos es la siguiente: \u201cLas escuelas que tienen jornada simple, es decir turno ma\u00f1ana o turno tarde, no tendr\u00e1n clases en el turno ma\u00f1ana\u201d. En tanto, \u201caquellas que son de jornada completa, no tendr\u00e1n clases durante todo el d\u00eda\u201d.<br \/>\nSeg\u00fan la circular 014 \/2023 de la Direcci\u00f3n General de Gesti\u00f3n Educativa dirigida a Directores Regionales, Responsables de Subsedes y Supervisores se comunica que el d\u00eda siguiente de las PASO Nacionales (lunes 14 de agosto), en los establecimientos educativos afectados a los comicios, se suspender\u00e1n las actividades escolares en las escuelas de Jornada Completa y en las escuelas de Jornada Simple quedan suspendidas las actividades solamente en el turno ma\u00f1ana, a los efectos de realizar la limpieza y desinfecci\u00f3n de dichos edificios.<\/p><\/div>\n","protected":false},"excerpt":{"rendered":"<p>Ma\u00f1ana lunes 14, en los establecimientos educativos de jornada simple no se dictar\u00e1n clases en el turno ma\u00f1ana. Los de jornada completa suspender\u00e1n las actividades durante todo el d\u00eda. El ministro Aldo Lineras detall\u00f3 c\u00f3mo ser\u00e1 la modalidad de clases de las escuelas en las que se realizan las elecciones PASO, para concretar las tareas [&hellip;]<\/p>\n","protected":false},"author":1,"featured_media":25220,"comment_status":"closed","ping_status":"closed","sticky":false,"template":"","format":"standard","meta":{"footnotes":""},"categories":[6],"tags":[],"class_list":{"0":"post-25219","1":"post","2":"type-post","3":"status-publish","4":"format-standard","5":"has-post-thumbnail","7":"category-chaco"},"_links":{"self":[{"href":"https:\/\/chacosintesis.com.ar\/index.php\/wp-json\/wp\/v2\/posts\/25219","targetHints":{"allow":["GET"]}}],"collection":[{"href":"https:\/\/chacosintesis.com.ar\/index.php\/wp-json\/wp\/v2\/posts"}],"about":[{"href":"https:\/\/chacosintesis.com.ar\/index.php\/wp-json\/wp\/v2\/types\/post"}],"author":[{"embeddable":true,"href":"https:\/\/chacosintesis.com.ar\/index.php\/wp-json\/wp\/v2\/users\/1"}],"replies":[{"embeddable":true,"href":"https:\/\/chacosintesis.com.ar\/index.php\/wp-json\/wp\/v2\/comments?post=25219"}],"version-history":[{"count":0,"href":"https:\/\/chacosintesis.com.ar\/index.php\/wp-json\/wp\/v2\/posts\/25219\/revisions"}],"wp:featuredmedia":[{"embeddable":true,"href":"https:\/\/chacosintesis.com.ar\/index.php\/wp-json\/wp\/v2\/media\/25220"}],"wp:attachment":[{"href":"https:\/\/chacosintesis.com.ar\/index.php\/wp-json\/wp\/v2\/media?parent=25219"}],"wp:term":[{"taxonomy":"category","embeddable":true,"href":"https:\/\/chacosintesis.com.ar\/index.php\/wp-json\/wp\/v2\/categories?post=25219"},{"taxonomy":"post_tag","embeddable":true,"href":"https:\/\/chacosintesis.com.ar\/index.php\/wp-json\/wp\/v2\/tags?post=25219"}],"curies":[{"name":"wp","href":"https:\/\/api.w.org\/{rel}","templated":true}]}}