{"id":25212,"date":"2023-08-12T19:07:07","date_gmt":"2023-08-12T22:07:07","guid":{"rendered":"https:\/\/chacosintesis.com.ar\/?p=25212"},"modified":"2023-08-12T19:36:43","modified_gmt":"2023-08-12T22:36:43","slug":"mas-de-400-bibliotecarios-y-bibliotecarias-del-nea-en-jornadas-de-actualizacion","status":"publish","type":"post","link":"https:\/\/chacosintesis.com.ar\/index.php\/mas-de-400-bibliotecarios-y-bibliotecarias-del-nea-en-jornadas-de-actualizacion\/","title":{"rendered":"M\u00e1s de 400 bibliotecarios y bibliotecarias del NEA en jornadas de actualizaci\u00f3n"},"content":{"rendered":"<div class=\"postie-post\">Se desarrollaron durante dos d\u00edas en el Aula Magna de la UNNE, organizadas por el Ministerio de Educaci\u00f3n de la provincia junto a la Junta Representativa ante CONABIP y a la Federaci\u00f3n Chaque\u00f1a de Bibliotecas Populares.<br \/>\nEste jueves y viernes el Aula Magna del campus Resistencia de la UNNE fue escenario de las Jornadas nacionales y regionales de actualizaci\u00f3n y perfeccionamiento, que incluyeron a la VI Jornada Nacional para Bibliotecarios, VII Jornadas Regionales del NEA para Bibliotecarios y X Encuentro Provincial de Bibliotecas Populares del Chaco. Bajo el lema \u201cEl Bibliotecario: Protagonista en la Innovaci\u00f3n y Calidad Educativa\u201d, este evento organizado por el Ministerio de Educaci\u00f3n de la Provincia, la Junta Representativa ante CONABIP y la Federaci\u00f3n Chaque\u00f1a de Bibliotecas Populares convoc\u00f3 a 400 asistentes, entre supervisores, directores, vicedirectores y bibliotecarios del NEA.<br \/>\nEl ministro de Educaci\u00f3n, Aldo Lineras, quien acompa\u00f1\u00f3 la jornada de cierre del encuentro, felicit\u00f3 y agradeci\u00f3 a los y las participantes por haberse sumado &#8220;a escuchar, a repensar su rol, escuchar sobre pedagog\u00eda de la lectura, sobre tecnolog\u00eda, sobre el rol del bibliotecario, que es lo que hacemos quienes estamos en la carrera docente, en este caso nuestros docentes bibliotecarios&#8221;.<br \/>\n&#8220;Somos parte de un gran sistema bibliotecario, como es el que tiene la provincia del Chaco, constituido por 501 bibliotecas; el sistema tiene m\u00e1s de 1500 cargos de bibliotecarios y bibliotecarias, y esto hace que estemos bien encaminados&#8221;, destac\u00f3 el ministro, se\u00f1alando que a\u00fan quedan importantes desaf\u00edos a trabajar en el sector, tales como &#8220;hacer que se consolide el fondo bibliotecario en las escuelas, mejorar su acervo, poder pensar la posibilidad de que se sincronice el horario de las bibliotecas con los de la jornada ampliada en el caso de la escuela primaria&#8221;, entre otros.<br \/>\nAsimismo, agradeci\u00f3 en nombre de la cartera educativa a quienes participaron como disertantes en estas jornadas. Disertaron Laura Palomino, directora de la Biblioteca Nacional de Maestras y Maestros; Paula Cecilia Morello, de la Biblioteca Nacional de Maestros; la escritora Silvia Paglieta; la licenciada Cecilia Evangelina Bianciotto; Carolina L\u00f3pez Scondras, periodista y bibliotecaria; Mar\u00eda Silvia Pozo, narradora oral y actriz; Mar\u00eda Lila Bina, Mar\u00eda In\u00e9s Fern\u00e1ndez y Silvana Cochatok, profesoras del IES \u201cRodolfo Walsh\u201d; y el director del Centro Cultural Alternativo de Resistencia, Francisco Ben\u00edtez.<br \/>\nLa propuesta de este a\u00f1o, denominada \u201cBibliotecas Inclusivas: un desaf\u00edo para la mejora de los servicios bibliotecarios\u201d, estuvo centrada en los siguientes cinco ejes: Redes sociales: Las nuevas aliadas y el gran desaf\u00edo de las bibliotecas; El bibliotecario: Formaci\u00f3n y actualizaci\u00f3n permanente; Gesti\u00f3n de calidad: Espacios y servicio; Pedagog\u00eda de la Lectura: La funci\u00f3n del\/la Bibliotecario\/a como mediador\/a de lecturas; y la biblioteca y su funci\u00f3n social. Estos encuentros tienen el fin de debatir la actualizaci\u00f3n y el perfeccionamiento de la profesi\u00f3n bibliotecaria como actores responsables de la pol\u00edtica educativa de promoci\u00f3n de la lectura y de la cultura.<\/div>\n","protected":false},"excerpt":{"rendered":"<p>Se desarrollaron durante dos d\u00edas en el Aula Magna de la UNNE, organizadas por el Ministerio de Educaci\u00f3n de la provincia junto a la Junta Representativa ante CONABIP y a la Federaci\u00f3n Chaque\u00f1a de Bibliotecas Populares. Este jueves y viernes el Aula Magna del campus Resistencia de la UNNE fue escenario de las Jornadas nacionales [&hellip;]<\/p>\n","protected":false},"author":1,"featured_media":25213,"comment_status":"closed","ping_status":"closed","sticky":false,"template":"","format":"standard","meta":{"footnotes":""},"categories":[6],"tags":[],"class_list":{"0":"post-25212","1":"post","2":"type-post","3":"status-publish","4":"format-standard","5":"has-post-thumbnail","7":"category-chaco"},"_links":{"self":[{"href":"https:\/\/chacosintesis.com.ar\/index.php\/wp-json\/wp\/v2\/posts\/25212","targetHints":{"allow":["GET"]}}],"collection":[{"href":"https:\/\/chacosintesis.com.ar\/index.php\/wp-json\/wp\/v2\/posts"}],"about":[{"href":"https:\/\/chacosintesis.com.ar\/index.php\/wp-json\/wp\/v2\/types\/post"}],"author":[{"embeddable":true,"href":"https:\/\/chacosintesis.com.ar\/index.php\/wp-json\/wp\/v2\/users\/1"}],"replies":[{"embeddable":true,"href":"https:\/\/chacosintesis.com.ar\/index.php\/wp-json\/wp\/v2\/comments?post=25212"}],"version-history":[{"count":0,"href":"https:\/\/chacosintesis.com.ar\/index.php\/wp-json\/wp\/v2\/posts\/25212\/revisions"}],"wp:featuredmedia":[{"embeddable":true,"href":"https:\/\/chacosintesis.com.ar\/index.php\/wp-json\/wp\/v2\/media\/25213"}],"wp:attachment":[{"href":"https:\/\/chacosintesis.com.ar\/index.php\/wp-json\/wp\/v2\/media?parent=25212"}],"wp:term":[{"taxonomy":"category","embeddable":true,"href":"https:\/\/chacosintesis.com.ar\/index.php\/wp-json\/wp\/v2\/categories?post=25212"},{"taxonomy":"post_tag","embeddable":true,"href":"https:\/\/chacosintesis.com.ar\/index.php\/wp-json\/wp\/v2\/tags?post=25212"}],"curies":[{"name":"wp","href":"https:\/\/api.w.org\/{rel}","templated":true}]}}