{"id":25208,"date":"2023-08-12T19:02:49","date_gmt":"2023-08-12T22:02:49","guid":{"rendered":"https:\/\/chacosintesis.com.ar\/?p=25208"},"modified":"2023-08-12T19:07:26","modified_gmt":"2023-08-12T22:07:26","slug":"mas-vecinos-de-resistencia-compartieron-con-el-gobernador-propuestas-para-mejorar-sus-barrios","status":"publish","type":"post","link":"https:\/\/chacosintesis.com.ar\/index.php\/mas-vecinos-de-resistencia-compartieron-con-el-gobernador-propuestas-para-mejorar-sus-barrios\/","title":{"rendered":"M\u00e1s vecinos de Resistencia compartieron con el gobernador propuestas para mejorar sus barrios"},"content":{"rendered":"<div class=\"postie-post\">La comunidad de Familias Unidas destac\u00f3 las obras realizadas en la zona y plante\u00f3 nuevas sugerencias.<br \/>\nEn el marco de una agenda de proximidad y cercan\u00eda, el gobernador Jorge Capitanich mantuvo este s\u00e1bado por la ma\u00f1ana una reuni\u00f3n con vecinos y vecinas del barrio Familias Unidas. All\u00ed el Gobierno provincial ejecut\u00f3 obras de alumbrado p\u00fablico, limpieza de cunetas, enripiado y soluciones habitacionales, \u201ctodo un programa y una agenda de trabajo para mejorar las condiciones de funcionamiento del barrio\u201d, remarc\u00f3 Capitanich.<br \/>\n\u201cLo hacemos en distintos lugares de la ciudad y la provincia, y la verdad nos entusiasma mucho que vecinos y vecinas trabajen tan abnegadamente para mejorar las condiciones del barrio\u201d, sostuvo el mandatario, acompa\u00f1ado por el presidente del Instituto de Agricultura Familiar y Econom\u00eda Popular (IAFEP) Mauricio Andi\u00f3n.<br \/>\nEn ese contexto, el jefe del Ejecutivo chaque\u00f1o realiz\u00f3 un repaso de calidad de gesti\u00f3n, destacando que en materia de soluciones habitacionales, se alcanzaron las 780 en Resistencia de un total de 4000 en todo el Chaco.<br \/>\n\u201cEstamos logrando, desde 2022: alumbrado p\u00fablico, postes, transformadores, 250 usuarios m\u00e1s para Secheep, enripiado de accesos, limpieza de cunetas y soluciones habitacionales. El pr\u00f3ximo es el parque urbano\u201d, ratific\u00f3 Capitanich respecto del barrio Familias Unidas.<br \/>\nLos vecinos y vecinas compartieron con el gobernador un video que muestra el antes y despu\u00e9s del barrio, destacando adem\u00e1s una mejora en la seguridad de la zona. \u201cEstamos progresando notablemente en el barrio, los vecinos est\u00e1n muy contentos\u201d, dijo Gonzalo Eginini, anfitri\u00f3n de la reuni\u00f3n, repasando las obras realizadas y ratificando la gesti\u00f3n de una plazoleta.<br \/>\n\u201cEsto era nada, era un asentamiento, y hoy se puede decir que es un barrio con todas las letras: tiene cloacas, veredas, cord\u00f3n cuneta, cuneta material, buena iluminaci\u00f3n, ripio, transformadores nuevos y los dos accesos sobre Soberan\u00eda&#8221;, sostuvo.<\/p>\n<p>Entrega de viviendas sociales<\/p>\n<p>Previamente, el gobernador entreg\u00f3 13 viviendas sociales en los barrios Zampa, 13 de diciembre y Malvinas Sur, recordando que las mismas se enmarcan en un total de 59 entregadas en el transcurso de esta semana, como parte del trabajo articulado entre el IAFEP y cooperativas, fundaciones, asociaciones civiles, organizaciones sociales y populares.<\/p><\/div>\n","protected":false},"excerpt":{"rendered":"<p>La comunidad de Familias Unidas destac\u00f3 las obras realizadas en la zona y plante\u00f3 nuevas sugerencias. En el marco de una agenda de proximidad y cercan\u00eda, el gobernador Jorge Capitanich mantuvo este s\u00e1bado por la ma\u00f1ana una reuni\u00f3n con vecinos y vecinas del barrio Familias Unidas. All\u00ed el Gobierno provincial ejecut\u00f3 obras de alumbrado p\u00fablico, [&hellip;]<\/p>\n","protected":false},"author":1,"featured_media":25209,"comment_status":"closed","ping_status":"closed","sticky":false,"template":"","format":"standard","meta":{"footnotes":""},"categories":[6],"tags":[],"class_list":{"0":"post-25208","1":"post","2":"type-post","3":"status-publish","4":"format-standard","5":"has-post-thumbnail","7":"category-chaco"},"_links":{"self":[{"href":"https:\/\/chacosintesis.com.ar\/index.php\/wp-json\/wp\/v2\/posts\/25208","targetHints":{"allow":["GET"]}}],"collection":[{"href":"https:\/\/chacosintesis.com.ar\/index.php\/wp-json\/wp\/v2\/posts"}],"about":[{"href":"https:\/\/chacosintesis.com.ar\/index.php\/wp-json\/wp\/v2\/types\/post"}],"author":[{"embeddable":true,"href":"https:\/\/chacosintesis.com.ar\/index.php\/wp-json\/wp\/v2\/users\/1"}],"replies":[{"embeddable":true,"href":"https:\/\/chacosintesis.com.ar\/index.php\/wp-json\/wp\/v2\/comments?post=25208"}],"version-history":[{"count":0,"href":"https:\/\/chacosintesis.com.ar\/index.php\/wp-json\/wp\/v2\/posts\/25208\/revisions"}],"wp:featuredmedia":[{"embeddable":true,"href":"https:\/\/chacosintesis.com.ar\/index.php\/wp-json\/wp\/v2\/media\/25209"}],"wp:attachment":[{"href":"https:\/\/chacosintesis.com.ar\/index.php\/wp-json\/wp\/v2\/media?parent=25208"}],"wp:term":[{"taxonomy":"category","embeddable":true,"href":"https:\/\/chacosintesis.com.ar\/index.php\/wp-json\/wp\/v2\/categories?post=25208"},{"taxonomy":"post_tag","embeddable":true,"href":"https:\/\/chacosintesis.com.ar\/index.php\/wp-json\/wp\/v2\/tags?post=25208"}],"curies":[{"name":"wp","href":"https:\/\/api.w.org\/{rel}","templated":true}]}}