{"id":25204,"date":"2023-08-12T18:52:33","date_gmt":"2023-08-12T21:52:33","guid":{"rendered":"https:\/\/chacosintesis.com.ar\/?p=25204"},"modified":"2023-08-12T19:07:16","modified_gmt":"2023-08-12T22:07:16","slug":"el-campamento-savia-tuvo-su-segunda-edicion-en-campo-del-cielo","status":"publish","type":"post","link":"https:\/\/chacosintesis.com.ar\/index.php\/el-campamento-savia-tuvo-su-segunda-edicion-en-campo-del-cielo\/","title":{"rendered":"El Campamento Savia tuvo su segunda edici\u00f3n en Campo del Cielo"},"content":{"rendered":"<div class=\"postie-post\">El evento convoc\u00f3 a artistas, gestores culturales y ambientales. Hubo charlas y capacitaciones en la Reserva Natural Pig\u00fcen N&#8217;onax\u00e1, intercambios de experiencias y proyectos que integran cultura y ambiente.<br \/>\nEl Ministerio de Ambiente y Desarrollo Territorial Sostenible junto con el Centro Cultural Alternativo (Cecual) dependiente del Instituto de Cultura, llev\u00f3 a cabo una segunda edici\u00f3n del Savia, Campamento formativo Cultural y Ambiente. Esta vez, el encuentro se realiz\u00f3 en la Reserva Natural Pig\u00fcen N&#8217;onax\u00e1 \u201cCampo de Cielo&#8221;. El objetivo principal de estas acciones es fortalecer proyectos estrat\u00e9gicos de sostenibilidad, incorporando la creatividad e innovaci\u00f3n que proporcionan la cultura y el arte en procesos de creaci\u00f3n colaborativa y consolidaci\u00f3n de trabajo en red.<br \/>\n\u201cEntendemos que quienes trabajan desde el \u00e1mbito cultural son, en esencia, personas sensibles frente a la naturaleza y su complejidad e interdependencia. Por lo tanto, son claves para poner en debate la problem\u00e1tica socioambiental y para aportar conciencia ante la urgencia de crear una nueva cultura que promueva la conservaci\u00f3n de los ecosistemas, potencie la comunicaci\u00f3n y la participaci\u00f3n ciudadana en la defensa de la naturaleza\u201d, expres\u00f3 el subsecretario de Ambiente y Biodiversidad Tomas Camarasa.<br \/>\nEl evento convoc\u00f3 a artistas, gestores culturales y ambientales, adem\u00e1s de diversas charlas, capacitaciones en la Reserva, intercambios de experiencias y proyectos que integran cultura y ambiente, recorridos sensibles, entre otras.<br \/>\n\u201cLa cultura ofrece contexto, valores, subjetividad, actitudes y habilidades, y aporta instrumentos de innovaci\u00f3n y creatividad para dar respuesta a los desaf\u00edos a los que nos enfrentamos ante la crisis ambiental y clim\u00e1tica y la necesidad de realizar una transici\u00f3n hacia un nuevo modelo de producci\u00f3n y consumo menos extractivista y m\u00e1s respetuoso y cuidadoso de los ecosistemas\u201d, agreg\u00f3 el funcionario provincial.<br \/>\nSavia Campamento, apunta a construir intercambios respecto a pr\u00e1cticas culturales y su v\u00ednculo con el ambiente desde una perspectiva del Buen Vivir, y poner en valor la voz de hacedores, artistas, gestores, especialistas que desde la cultura impulsan e implementan cuidados en favor del ambiente, intercambiando miradas, herramientas y actividades concretas para fortalecer, desde el campo cultural, acciones por el ambiente.<br \/>\nMientras el primer Campamento Savia se realiz\u00f3 en el Parque Nacional Laguna el Palmar, este se realiz\u00f3 en la Reserva natural Pig\u00fcen N&#8217;Onaxa &#8211; Campo del Cielo, que se encuentra a 15 kil\u00f3metros de la localidad de Gancedo. Este lugar, conocido tambi\u00e9n como Parque de los Meteoritos, que cuenta con una extensi\u00f3n de 27 hect\u00e1reas en el sudoeste chaque\u00f1o, a 350 kil\u00f3metros de Resistencia, fue el escenario propicio para llevar a cabo actividades de formaci\u00f3n en vinculaci\u00f3n con la naturaleza, los meteoritos, los saberes del pueblo originario Moqoit y las observaciones astron\u00f3micas.<br \/>\n\u201cEn el contexto de crisis ambiental y clim\u00e1tica que vivimos actualmente a nivel mundial, el desarrollo de una cultura ambiental supone un cambio de concepci\u00f3n del hombre sobre s\u00ed mismo y sobre su lugar en el mundo, y consecuentemente de su lugar respecto con los otros hombres, con la sociedad y con la naturaleza. El trabajo de las y los trabajadores de la cultura vinculados a tareas para la sostenibilidad es clave para contribuir y transformar la conciencia de las personas liberando una sensibilidad rebelde contra la sociedad actual y manifestar su dimensi\u00f3n creadora para avanzar hacia una civilizaci\u00f3n sostenible\u201d, asegur\u00f3 la coordinadora del Programa de Formaci\u00f3n del Ministerio de Ambiente y Desarrollo Territorial Sostenible, Marilyn Rol\u00f3n.<br \/>\nActualmente se est\u00e1 considerando que las acciones de grupos e instituciones utilizando el arte y la cultura como instrumentos para actuar, pueden tener un papel fundamental para construir sociedades m\u00e1s sostenibles.<br \/>\n\u201cLa representaci\u00f3n art\u00edstica de la naturaleza est\u00e1 estrechamente vinculada con la percepci\u00f3n social del mundo natural, al mismo tiempo que los artistas contribuyen a un cambio progresivo en la forma en que se relacionan con ella y la visualizan. El arte para la sostenibilidad no puede cambiar el mundo por s\u00ed s\u00f3lo, pero puede contribuir a transformar la conciencia de las personas en pos del cuidado del ambiente, el cual nos atraviesa y nos constituye\u201d, concluy\u00f3 Rol\u00f3n.<\/div>\n","protected":false},"excerpt":{"rendered":"<p>El evento convoc\u00f3 a artistas, gestores culturales y ambientales. Hubo charlas y capacitaciones en la Reserva Natural Pig\u00fcen N&#8217;onax\u00e1, intercambios de experiencias y proyectos que integran cultura y ambiente. El Ministerio de Ambiente y Desarrollo Territorial Sostenible junto con el Centro Cultural Alternativo (Cecual) dependiente del Instituto de Cultura, llev\u00f3 a cabo una segunda edici\u00f3n [&hellip;]<\/p>\n","protected":false},"author":1,"featured_media":25205,"comment_status":"closed","ping_status":"closed","sticky":false,"template":"","format":"standard","meta":{"footnotes":""},"categories":[6],"tags":[],"class_list":{"0":"post-25204","1":"post","2":"type-post","3":"status-publish","4":"format-standard","5":"has-post-thumbnail","7":"category-chaco"},"_links":{"self":[{"href":"https:\/\/chacosintesis.com.ar\/index.php\/wp-json\/wp\/v2\/posts\/25204","targetHints":{"allow":["GET"]}}],"collection":[{"href":"https:\/\/chacosintesis.com.ar\/index.php\/wp-json\/wp\/v2\/posts"}],"about":[{"href":"https:\/\/chacosintesis.com.ar\/index.php\/wp-json\/wp\/v2\/types\/post"}],"author":[{"embeddable":true,"href":"https:\/\/chacosintesis.com.ar\/index.php\/wp-json\/wp\/v2\/users\/1"}],"replies":[{"embeddable":true,"href":"https:\/\/chacosintesis.com.ar\/index.php\/wp-json\/wp\/v2\/comments?post=25204"}],"version-history":[{"count":0,"href":"https:\/\/chacosintesis.com.ar\/index.php\/wp-json\/wp\/v2\/posts\/25204\/revisions"}],"wp:featuredmedia":[{"embeddable":true,"href":"https:\/\/chacosintesis.com.ar\/index.php\/wp-json\/wp\/v2\/media\/25205"}],"wp:attachment":[{"href":"https:\/\/chacosintesis.com.ar\/index.php\/wp-json\/wp\/v2\/media?parent=25204"}],"wp:term":[{"taxonomy":"category","embeddable":true,"href":"https:\/\/chacosintesis.com.ar\/index.php\/wp-json\/wp\/v2\/categories?post=25204"},{"taxonomy":"post_tag","embeddable":true,"href":"https:\/\/chacosintesis.com.ar\/index.php\/wp-json\/wp\/v2\/tags?post=25204"}],"curies":[{"name":"wp","href":"https:\/\/api.w.org\/{rel}","templated":true}]}}