{"id":25200,"date":"2023-08-12T18:48:39","date_gmt":"2023-08-12T21:48:39","guid":{"rendered":"https:\/\/chacosintesis.com.ar\/?p=25200"},"modified":"2023-08-12T19:07:06","modified_gmt":"2023-08-12T22:07:06","slug":"la-provincia-celebro-72-anos-de-su-provincializacion-con-el-estreno-del-documental-chaco-historias-de-provincia","status":"publish","type":"post","link":"https:\/\/chacosintesis.com.ar\/index.php\/la-provincia-celebro-72-anos-de-su-provincializacion-con-el-estreno-del-documental-chaco-historias-de-provincia\/","title":{"rendered":"La provincia celebr\u00f3 72 a\u00f1os de su provincializaci\u00f3n con el estreno del documental \u201cChaco, historias de provincia\u201d"},"content":{"rendered":"<div class=\"postie-post\">El primer cap\u00edtulo del documental \u201cChaco, historias de provincia\u201d se estren\u00f3 en el acto de conmemoraci\u00f3n por el septuag\u00e9simo segundo aniversario de la provincializaci\u00f3n del Chaco en la Casa de las Culturas, y en simult\u00e1neo en la pantalla de Chaco TV para toda la provincia.<br \/>\nEn el estreno, el gobernador Jorge Capitanich destac\u00f3 esta producci\u00f3n audiovisual de la provincia y expres\u00f3 su orgullo de \u201cvivir en un territorio de paz y de democracia, con estabilidad institucional, donde coexisten distintas lenguas y en donde hemos jerarquizado la lengua Qom, Wichi y Moqoit, junto al espa\u00f1ol\u201d.<br \/>\n\u201cChaco, historias de provincia\u201d es una serie hist\u00f3rica de cuatro cap\u00edtulos que hace un repaso por los principales momentos que constituyen el desarrollo pol\u00edtico, social, econ\u00f3mico y cultural del Chaco, desde la constituci\u00f3n del Territorio Nacional del Chaco en 1872 hasta la actualidad.<br \/>\n\u201cEsta producci\u00f3n es una conceptualizaci\u00f3n del gobernador Capitanich junto a Francisco \u201cTete\u201d Romero, actual presidente del Instituto de Cultura, donde a trav\u00e9s de entrevistas a historiadores y protagonistas de los hechos narrados, con documentaci\u00f3n del Archivo Hist\u00f3rico de la provincia del Chaco, se cuenta la historia de la provincia\u201d, explic\u00f3 a T\u00e9lam Nadia Bosch, gerente de Medios P\u00fablicos del Chaco.<br \/>\nEl primer cap\u00edtulo aborda las caracter\u00edsticas geogr\u00e1ficas y sociales primigenias del Chac\u00fa, as\u00ed como los eventos hist\u00f3ricos que llevaron a la provincializaci\u00f3n con la Ley N\u00ba 14.037 del 8 de agosto de 1951, la Constituci\u00f3n obrera de 1951 y el triunfo del Partido Justicialista.<br \/>\nEl estreno de la serie documental tambi\u00e9n fue el marco para el reconocimiento a mujeres de la historia chaque\u00f1a como Nora Salas de Bittel, militante peronista y segunda esposa del ex gobernador Deolindo Felipe Bittel; Manuela Gallardo, hija del primer gobernador chaque\u00f1o, Felipe Gallardo; y Rosa Amelia L\u00f3pez, hija de Carlos L\u00f3pez Piacentini, autor del escudo provincial.<br \/>\nEl segundo cap\u00edtulo aborda el gobierno de Felipe Gallardo, la creaci\u00f3n de instituciones y las obras realizadas, as\u00ed como las intervenciones militares, la lucha por la democracia, la proscripci\u00f3n del Justicialismo y el gobierno de Anselmo Duca; y finaliza con la Masacre de Margarita Bel\u00e9n, un episodio tr\u00e1gico y bisagra en la historia pol\u00edtica de la regi\u00f3n.<br \/>\nEn el tercer cap\u00edtulo se aborda la vuelta a la democracia con las gestiones de Florencio Tenev y  Danilo Baroni, las tensiones generadas entre el nuevo per\u00edodo democr\u00e1tico y las ideas representadas por Ruiz Palacios a trav\u00e9s de Rolando Taguinas. Esta tercera entrega finaliza con el per\u00edodo radical de los gobernadores \u00c1ngel Rozas y Roy Nikisch, con \u00e9nfasis en el ordenamiento econ\u00f3mico, obras de infraestructura y en la creaci\u00f3n de la Alianza.<br \/>\nEl cap\u00edtulo final se enfoca en las gestiones de Jorge Capitanich y Domingo Peppo, con \u00e9nfasis en las transformaciones econ\u00f3micas, sociales y culturales y el proyecto pol\u00edtico que busca mejorar la calidad de vida de las y los chaque\u00f1os.<br \/>\n\u201cChaco, historias de provincia\u201d estrenar\u00e1 sus cap\u00edtulos cada martes de agosto a las 21 por Chaco TV, y estar\u00e1 disponible para ver online en el canal de Youtube de la televisi\u00f3n p\u00fablica chaque\u00f1a, en la siguiente lista .<br \/>\nEl estreno de la serie documental tambi\u00e9n fue el marco para el reconocimiento a mujeres de la historia chaque\u00f1a como Nora Salas de Bittel, militante peronista y segunda esposa del ex gobernador Deolindo Felipe Bittel; Manuela Gallardo, hija del primer gobernador chaque\u00f1o, Felipe Gallardo; y Rosa Amelia L\u00f3pez, hija de Carlos L\u00f3pez Piacentini, autor del escudo provincial.<br \/>\nEl segundo cap\u00edtulo aborda el gobierno de Felipe Gallardo, la creaci\u00f3n de instituciones y las obras realizadas, as\u00ed como las intervenciones militares, la lucha por la democracia, la proscripci\u00f3n del Justicialismo y el gobierno de Anselmo Duca; y finaliza con la Masacre de Margarita Bel\u00e9n, un episodio tr\u00e1gico y bisagra en la historia pol\u00edtica de la regi\u00f3n.<br \/>\nEn el tercer cap\u00edtulo se aborda la vuelta a la democracia con las gestiones de Florencio Tenev y  Danilo Baroni, las tensiones generadas entre el nuevo per\u00edodo democr\u00e1tico y las ideas representadas por Ruiz Palacios a trav\u00e9s de Rolando Taguinas. Esta tercera entrega finaliza con el per\u00edodo radical de los gobernadores \u00c1ngel Rozas y Roy Nikisch, con \u00e9nfasis en el ordenamiento econ\u00f3mico, obras de infraestructura y en la creaci\u00f3n de la Alianza.<br \/>\nEl cap\u00edtulo final se enfoca en las gestiones de Jorge Capitanich y Domingo Peppo, con \u00e9nfasis en las transformaciones econ\u00f3micas, sociales y culturales y el proyecto pol\u00edtico que busca mejorar la calidad de vida de las y los chaque\u00f1os.<br \/>\n\u201cChaco, historias de provincia\u201d estrenar\u00e1 sus cap\u00edtulos cada martes de agosto a las 21 por Chaco TV, y estar\u00e1 disponible para ver online en el canal de Youtube de la televisi\u00f3n p\u00fablica chaque\u00f1a, en la siguiente lista .<\/div>\n","protected":false},"excerpt":{"rendered":"<p>El primer cap\u00edtulo del documental \u201cChaco, historias de provincia\u201d se estren\u00f3 en el acto de conmemoraci\u00f3n por el septuag\u00e9simo segundo aniversario de la provincializaci\u00f3n del Chaco en la Casa de las Culturas, y en simult\u00e1neo en la pantalla de Chaco TV para toda la provincia. En el estreno, el gobernador Jorge Capitanich destac\u00f3 esta producci\u00f3n [&hellip;]<\/p>\n","protected":false},"author":1,"featured_media":25201,"comment_status":"closed","ping_status":"closed","sticky":false,"template":"","format":"standard","meta":{"footnotes":""},"categories":[6],"tags":[],"class_list":{"0":"post-25200","1":"post","2":"type-post","3":"status-publish","4":"format-standard","5":"has-post-thumbnail","7":"category-chaco"},"_links":{"self":[{"href":"https:\/\/chacosintesis.com.ar\/index.php\/wp-json\/wp\/v2\/posts\/25200","targetHints":{"allow":["GET"]}}],"collection":[{"href":"https:\/\/chacosintesis.com.ar\/index.php\/wp-json\/wp\/v2\/posts"}],"about":[{"href":"https:\/\/chacosintesis.com.ar\/index.php\/wp-json\/wp\/v2\/types\/post"}],"author":[{"embeddable":true,"href":"https:\/\/chacosintesis.com.ar\/index.php\/wp-json\/wp\/v2\/users\/1"}],"replies":[{"embeddable":true,"href":"https:\/\/chacosintesis.com.ar\/index.php\/wp-json\/wp\/v2\/comments?post=25200"}],"version-history":[{"count":0,"href":"https:\/\/chacosintesis.com.ar\/index.php\/wp-json\/wp\/v2\/posts\/25200\/revisions"}],"wp:featuredmedia":[{"embeddable":true,"href":"https:\/\/chacosintesis.com.ar\/index.php\/wp-json\/wp\/v2\/media\/25201"}],"wp:attachment":[{"href":"https:\/\/chacosintesis.com.ar\/index.php\/wp-json\/wp\/v2\/media?parent=25200"}],"wp:term":[{"taxonomy":"category","embeddable":true,"href":"https:\/\/chacosintesis.com.ar\/index.php\/wp-json\/wp\/v2\/categories?post=25200"},{"taxonomy":"post_tag","embeddable":true,"href":"https:\/\/chacosintesis.com.ar\/index.php\/wp-json\/wp\/v2\/tags?post=25200"}],"curies":[{"name":"wp","href":"https:\/\/api.w.org\/{rel}","templated":true}]}}