{"id":25181,"date":"2023-08-11T16:38:27","date_gmt":"2023-08-11T19:38:27","guid":{"rendered":"https:\/\/chacosintesis.com.ar\/?p=25181"},"modified":"2023-08-11T17:06:39","modified_gmt":"2023-08-11T20:06:39","slug":"se-habilito-la-segunda-etapa-del-acueducto-de-el-impenetrable-que-garantizara-agua-potable-de-calidad-a-las-localidades-de-fuerte-esperanza-el-sauzal-y-wichi","status":"publish","type":"post","link":"https:\/\/chacosintesis.com.ar\/index.php\/se-habilito-la-segunda-etapa-del-acueducto-de-el-impenetrable-que-garantizara-agua-potable-de-calidad-a-las-localidades-de-fuerte-esperanza-el-sauzal-y-wichi\/","title":{"rendered":"Se habilit\u00f3 la segunda etapa del acueducto de El Impenetrable, que garantizar\u00e1 agua potable de calidad a las localidades de Fuerte Esperanza, El Sauzal y Wich\u00ed"},"content":{"rendered":"<div class=\"postie-post\">Con una inversi\u00f3n aproximada de 250 millones de d\u00f3lares, esta obra de infraestructura fundamental  beneficiar\u00e1 a miles de familias en esta zona de El Impenetrable chaque\u00f1o. Con la finalizaci\u00f3n de la segunda etapa de este proyecto, se alcanzar\u00e1n las  5.000 conexiones domiciliarias en Nueva Pompeya, Wich\u00ed, El Sauzal y Fuerte Esperanza.<br \/>\nEl gobernador Jorge Capitanich realiz\u00f3 este viernes la habilitaci\u00f3n de la segunda etapa del Acueducto de El Impenetrable que garantizar\u00e1  la distribuci\u00f3n de agua potable de calidad para las localidades de Fuerte Esperanza, El Sauzal y Wich\u00ed.<br \/>\nDurante el acto que se realiz\u00f3 en forma simult\u00e1nea en las localidades de Fuerte Esperanza, El Sauzal y Wich\u00ed, el gobernador Capitanich destac\u00f3 la importancia de esta obra estructural para garantizar el acceso al agua potable de calidad para estas poblaciones.<br \/>\nEn este punto destac\u00f3 que el Acueducto de El Impenetrables fue financiado por el Banco Interamericano de Desarrollo con una inversi\u00f3n aproximada de 250 millones de d\u00f3lares, se ha convertido en una infraestructura crucial que beneficiar\u00e1 a miles de personas en la zona. Con la finalizaci\u00f3n de la segunda etapa de este proyecto, se alcanzar\u00e1n 5.000 conexiones domiciliarias en Nueva Pompeya, Wich\u00ed, El Sauzal y Fuerte Esperanza.<br \/>\nDurante su discurso, el gobernador Capitanich resalt\u00f3 la importancia de esta obra para el desarrollo de la regi\u00f3n y destac\u00f3 que la primera etapa del acueducto fue inaugurada junto al presidente de la Rep\u00fablica, Alberto Fern\u00e1ndez, y el entonces ministro de Obras P\u00fablicas de la Naci\u00f3n, Gabriel Katopodis.<br \/>\nEn el acto, el gobernador mostr\u00f3 el medidor correspondiente a las conexiones domiciliarias en Fuerte Esperanza, donde actualmente se cuenta con 1.013 conexiones domiciliarias. Capitanich enfatiz\u00f3 la necesidad de un uso racional del agua potable, un recurso b\u00e1sico y estrat\u00e9gico para la comunidad. \u201cEl agua es un insumo b\u00e1sico, fundamental, estrat\u00e9gico, y hab\u00eda que tener una mirada especial para poder conseguir el financiamiento de esta obra que hoy es orgullo para la Rep\u00fablica Argentina y para Fuerte Esperanza\u201d, resalt\u00f3.<br \/>\nDurante el acto el gobernador present\u00f3 a Cristian Luna, un ingeniero industrial oriundo del paraje El C\u00f3ndor, ubicado a 42 kil\u00f3metros de Fuerte Esperanza. Por su parte  Luna, quien se gradu\u00f3 en la Universidad del Chaco Austral, expres\u00f3 su gratitud por la existencia de una instituci\u00f3n estatal y gratuita que le brind\u00f3 la oportunidad de recibir una educaci\u00f3n universitaria.  Capitanich elogi\u00f3 el caso de Luna y lo valor\u00f3 como un ejemplo de superaci\u00f3n y agradeci\u00f3 su incorporaci\u00f3n al equipo encargado de garantizar el acceso al agua potable en El Impenetrable chaque\u00f1o.<br \/>\nEn su discurso, el gobernador tambi\u00e9n destac\u00f3 que la finalizaci\u00f3n del Acueducto  podr\u00eda haberse logrado entre los a\u00f1os 2015 y 2019, durante la gesti\u00f3n del gobierno de Mauricio Macri, pero en este periodo la obra estuvo totalmente paralizada.<br \/>\n\u201cLo que se est\u00e1 desarrollando ahora en nuestro Impenetrable chaque\u00f1o, es sin dudas un hito para toda la provincia. Esto siempre estuvo en la agenda de nuestro gobierno y un eje de las acciones, que el agua potable llegue a cada rinc\u00f3n del territorio. Es un derecho para cada una de nuestras comunidades que  ahora tienen la posibilidad de abrir la canilla y de contar con el agua potable en cada uno de sus domicilios\u201d, dijo. Acompa\u00f1aron al gobernador Captianich, la vicegobernadora Anal\u00eda Rach Quiroga; la presidenta de Sameep, Noelia Canteros y referentes de las diferentes comunidades.<br \/>\nNueva Pompeya: \u201cEl agua potable le est\u00e1 cambiando la vida a toda la comunidad\u201d<br \/>\nDesde Misi\u00f3n Nueva Pompeya, la vocal del directorio de Sameep, Liliana Spoljaric junto con la intendenta Ines Ortega, acompa\u00f1adas por la comunidad agradecieron al gobernador Capitanich por la concreci\u00f3n esta obra fundamental que mejorar\u00e1 sustancialmente la vida de las poblaciones y comunidades del lugar.<br \/>\n\u201cDesde Nueva Pompeya le agradecemos infinitamente al gobernador y vamos a seguir trabajando y so\u00f1ando muchas cosas. Porque la verdad es que el agua es un derecho humano, y ahora le est\u00e1 cambiando la vida a todos los vecinos y vecinas de Nueva Pompeya\u201d, dijo la intendenta.<br \/>\nWich\u00ed:\u201cEs realmente asombroso considerando que hace una d\u00e9cada era inconcebible contar con el nivel de infraestructura que estamos inaugurando hoy\u201d<br \/>\nDesde la comuna de Wich\u00ed, el gerente de Planificaci\u00f3n de Sameep, Ricardo Requena coment\u00f3 que a sus espaldas hacia el norte se origina la obra en el r\u00edo Bermejo.  Y explic\u00f3 que en  ese punto, se halla el sistema de pre-sedimentaci\u00f3n de agua.<br \/>\nEs sabido que las aguas del Bermejo son ciertamente turbias y demandan un tratamiento de gran envergadura. A partir de este punto crucial, el agua es transportada ya pre-sedimentada hasta Wich\u00ed , donde se la somete a procesos de potabilizaci\u00f3n destinados a abastecer tanto a este pueblo (Wich\u00ed) como a la comunidad de El Sauzal.<br \/>\n\u201cEsta iniciativa ha permitido conectar cerca de 500 a 600 conexiones entre las dos localidades, brind\u00e1ndoles un suministro de casi mil litros de agua diarios. Es importante resaltar que estas cantidades eran inimaginables en estas zonas previamente\u201d, dijo Requena. Y agreg\u00f3 que un caso similar se presenta en Nueva Pompeya, donde se encuentra la planta potabilizadora m\u00e1s grande. Esta planta recibe el mismo agua que abastece a Huichy, previamente pre-sedimentada, y la convierte en agua potable para el consumo de la poblaci\u00f3n de Pompeya.<br \/>\n\u201cEste logro es un hito significativo para la regi\u00f3n, y es realmente asombroso considerando que hace una d\u00e9cada era inconcebible contar con el nivel de infraestructura que estamos inaugurando hoy. Ahora disponemos de agua potable de alta calidad, sometida a controles rigurosos, para el beneficio de toda la poblaci\u00f3n. Esta mejora no solo impacta en la salud de las personas, sino que tambi\u00e9n fomenta que los habitantes permanezcan en sus lugares de origen y puedan prosperar\u201d, remarc\u00f3 el ingeniero de Sameep.<br \/>\nEn tanto el cacique de la comunidad de Wich\u00ed, Daniel Ligan  dijo: \u201cAgradezco sinceramente el excelente trabajo que ustedes realizan en relaci\u00f3n a los acueductos\u201d. Y agreg\u00f3 que a\u00fan quedan \u00e1reas y parajes de la zona que siguen requiriendo atenci\u00f3n.<br \/>\nEl Sauzal: \u201cEste logro es hist\u00f3rico para nuestra comunidad, ya que durante mucho tiempo hemos enfrentado dificultades con el suministro de agua\u201d<br \/>\nDesde El Sauzal, Ofelia Rodriguez acompa\u00f1ada por referentes de la comunidad agradecieron al gobernador por la obras claves de este acueducto que junto con las plantas potabilizadoras garantizaran la llegada del agua potable de calidad.<br \/>\n\u201cEste logro es hist\u00f3rico para nuestra comunidad, ya que durante mucho tiempo hemos enfrentado dificultades en la relaci\u00f3n con el suministro de agua. Hoy, nos complace mostrar que finalmente disponemos de agua limpia y de alta calidad en nuestras casas, lo cual marca un antes y un despu\u00e9s en nuestra realidad. Reconocemos el compromiso del se\u00f1or gobernador al brindarnos este recurso esencial, que ha pasado a ser parte fundamental de nuestro d\u00eda a d\u00eda, en contraste con tiempos pasados en los que debemos buscarla lejos de nuestros hogares\u201d, dijo Rodriguez.<br \/>\nEn este contexto, Don Mat\u00edas referente de la comunidad originaria relat\u00f3 aspectos de la historia del  acceso al agua en esta comunidad. \u201cDeseamos expresar nuestro sincero agradecimiento. Nos encontramos aqu\u00ed en El Sauzal y quiero hablar de las experiencias que vivimos durante largos periodos, no ten\u00edamos agua. Durante a\u00f1os y meses, la gente sol\u00eda tomar agua de lagunas y r\u00edos, lo que causaba problemas de salud debido a la falta de potabilidad. A partir de los a\u00f1os setenta, cuando la perforaci\u00f3n se detuvo, nuestros ancestros trajeron agua en baldes  desde las otras lagunas, ya que desconocemos la existencia de agua potable o mineral\u201d.<br \/>\nSin embargo, lamentablemente, con el tiempo, esta perforaci\u00f3n se detuvo y durante un tiempo no supimos c\u00f3mo resolver este problema. Se realiz\u00f3 un esfuerzo por conseguir un motor de agua y se instal\u00f3 en las lagunas, pero la calidad del agua no era ideal. Fue en esta \u00e9poca que se perfor\u00f3 un pozo en las lagunas para llevar el agua a trav\u00e9s de una manguera, pero a\u00fan no era la soluci\u00f3n ideal.<br \/>\n\u201cHoy, gracias al esfuerzo incansable de los miembros de nuestra comunidad y a la colaboraci\u00f3n del gobernador y su equipo, estamos viendo resultados tangibles. Las dificultades que enfrentamos en el pasado ahora se han convertido en una historia de superaci\u00f3n. Apreciamos profundamente los apoyos brindados por el gobernador para cubrir nuestras necesidades\u201d, dijo Don Matias.<\/div>\n","protected":false},"excerpt":{"rendered":"<p>Con una inversi\u00f3n aproximada de 250 millones de d\u00f3lares, esta obra de infraestructura fundamental beneficiar\u00e1 a miles de familias en esta zona de El Impenetrable chaque\u00f1o. Con la finalizaci\u00f3n de la segunda etapa de este proyecto, se alcanzar\u00e1n las 5.000 conexiones domiciliarias en Nueva Pompeya, Wich\u00ed, El Sauzal y Fuerte Esperanza. El gobernador Jorge Capitanich [&hellip;]<\/p>\n","protected":false},"author":1,"featured_media":25182,"comment_status":"closed","ping_status":"closed","sticky":false,"template":"","format":"standard","meta":{"footnotes":""},"categories":[6],"tags":[],"class_list":{"0":"post-25181","1":"post","2":"type-post","3":"status-publish","4":"format-standard","5":"has-post-thumbnail","7":"category-chaco"},"_links":{"self":[{"href":"https:\/\/chacosintesis.com.ar\/index.php\/wp-json\/wp\/v2\/posts\/25181","targetHints":{"allow":["GET"]}}],"collection":[{"href":"https:\/\/chacosintesis.com.ar\/index.php\/wp-json\/wp\/v2\/posts"}],"about":[{"href":"https:\/\/chacosintesis.com.ar\/index.php\/wp-json\/wp\/v2\/types\/post"}],"author":[{"embeddable":true,"href":"https:\/\/chacosintesis.com.ar\/index.php\/wp-json\/wp\/v2\/users\/1"}],"replies":[{"embeddable":true,"href":"https:\/\/chacosintesis.com.ar\/index.php\/wp-json\/wp\/v2\/comments?post=25181"}],"version-history":[{"count":0,"href":"https:\/\/chacosintesis.com.ar\/index.php\/wp-json\/wp\/v2\/posts\/25181\/revisions"}],"wp:featuredmedia":[{"embeddable":true,"href":"https:\/\/chacosintesis.com.ar\/index.php\/wp-json\/wp\/v2\/media\/25182"}],"wp:attachment":[{"href":"https:\/\/chacosintesis.com.ar\/index.php\/wp-json\/wp\/v2\/media?parent=25181"}],"wp:term":[{"taxonomy":"category","embeddable":true,"href":"https:\/\/chacosintesis.com.ar\/index.php\/wp-json\/wp\/v2\/categories?post=25181"},{"taxonomy":"post_tag","embeddable":true,"href":"https:\/\/chacosintesis.com.ar\/index.php\/wp-json\/wp\/v2\/tags?post=25181"}],"curies":[{"name":"wp","href":"https:\/\/api.w.org\/{rel}","templated":true}]}}