{"id":25177,"date":"2023-08-11T16:30:43","date_gmt":"2023-08-11T19:30:43","guid":{"rendered":"https:\/\/chacosintesis.com.ar\/?p=25177"},"modified":"2023-08-11T16:36:48","modified_gmt":"2023-08-11T19:36:48","slug":"fiscal-de-la-causa-aseguro-que-los-resultados-negativos-en-muestras-de-sangre-no-afectan-a-nuestra-teoria","status":"publish","type":"post","link":"https:\/\/chacosintesis.com.ar\/index.php\/fiscal-de-la-causa-aseguro-que-los-resultados-negativos-en-muestras-de-sangre-no-afectan-a-nuestra-teoria\/","title":{"rendered":"Fiscal de la causa asegur\u00f3 que los resultados negativos en muestras de sangre \u201cno afectan a nuestra teor\u00eda\u201d"},"content":{"rendered":"<div class=\"postie-post\">Este jueves se conoci\u00f3 que las tomas recolectadas en la camioneta de C\u00e9sar Sena no corresponden a Cecilia Strzyzowski, sin embargo, desde la Fiscal\u00eda aseguran que esto no afecta a la hip\u00f3tesis de la investigaci\u00f3n ni el sostenimiento de las prisiones preventivas.<br \/>\nNelia Vel\u00e1zquez, integrante del Equipo Fiscal Especial (EFE) que lleva adelante la investigaci\u00f3n por desaparici\u00f3n y presunto femicidio de Cecilia Strzyzowski, se refiri\u00f3 este viernes a los \u00faltimos resultados confirmados ayer sobre muestras de sangre recolectadas en la camioneta de C\u00e9sar Sena, ex pareja de la desaparecida y uno de los imputados.<br \/>\n\u201cLleg\u00f3 el resultado de una de las tantas que se levantaron con luminol. Esta hab\u00eda dado positivo a sangre humana, hab\u00eda sido tomada del asiento trasero de la camioneta, fue cotejado con la familia (mam\u00e1 y hermana) y nos informaron que no se corresponden con ellas\u201d, coment\u00f3 en Radio Libertad, y explic\u00f3 que \u201crespecto a la investigaci\u00f3n, nosotros, con la teor\u00eda que manejabamos, ten\u00edamos la sospecha de que no era de Cecilia porque sostenemos que ella fue trasladada en la caja de la camioneta, y esta muestra fue levantada en la parte de adentro, en los asientos de atr\u00e1s\u201d.<br \/>\nEn ese sentido, remarc\u00f3 que \u201ca nuestras pruebas no afecta, a nuestra teor\u00eda no afecta. Obviamente que en caso de ser positivo iba a modificarse la teor\u00eda, iban a buscarse m\u00e1s pruebas, pero esto sostiene la teor\u00eda\u201d, y agreg\u00f3 que \u201cen la caja (de la camioneta) no se encontr\u00f3 nada\u201d.<br \/>\nSin embargo, la fiscal record\u00f3 que \u201cel ADN positivo a Cecilia han sido las muestras levantadas de un mueble y un colch\u00f3n, que fueron donados posteriormente, pero que se conoce que estaban dentro de la pieza donde sostenemos que se produjo la muerte\u201d, y explic\u00f3 que \u201cen esa misma habitaci\u00f3n, del piso, se levantaron varias muestras, y una dio positivo a sangre humana, que se cotej\u00f3 y coincide con el ADN de ella\u201d.<br \/>\nSobre las declaraciones de Ricardo Osuna, abogado defensor en la causa, la fiscal se\u00f1al\u00f3 que \u201ces su t\u00e9cnica defensiva\u201d, y se\u00f1al\u00f3 que \u201cnosotros, si sostenemos y llegamos hasta ac\u00e1 con nuestra teor\u00eda y con dos prisiones preventivas sostenidas y firmes, es porque tenemos pruebas suficientes para sostener que Cecilia entr\u00f3 y nunca sali\u00f3 por sus propios medios y que en el momento dado en que se dio muerte solamente se encontraban 3 personas que los tenemos ubicados, no solo por las c\u00e1maras, tambi\u00e9n con celdas telef\u00f3nicas\u201d.<br \/>\nAdem\u00e1s, confirm\u00f3 que Osuna tuvo que abandonar la defensa de C\u00e9sar Sena por \u201cconflicto de intereses\u201d, y explic\u00f3 que esto se dio luego de las audiencias de oposici\u00f3n, por lo cual el hijo de Emerenciano y Marcela Acu\u00f1a ser\u00e1 patrocinado por un defensor oficial. \u201cEn las audiencias de la semana pasada, donde se trat\u00f3 a Marcela Acu\u00f1a con su defensa y Emerenciano Sena con su defensa, surgieron intereses contrapuestos en cuanto a sus fundamentos, ya que la defensa de Acu\u00f1a hizo responsable a C\u00e9sar y la de Emerenciano adhiri\u00f3 a esta\u201d, indic\u00f3, y explic\u00f3 que \u201ctomamos como que existe la posibilidad de intereses contrapuestos en la defensa de C\u00e9sar y Emerenciano, y tenemos que evitar nulidades futuras. Atento a ello, se dispone el apartamiento, se hizo una apelaci\u00f3n, se plante\u00f3 y se rechaz\u00f3. El mismo d\u00eda de esta audiencia, se lo trajo a C\u00e9sar y se habl\u00f3 con \u00e9l, se notific\u00f3, porque si no tiene un abogado particular que quiera brindar y designar, quien queda es el defensor oficial\u201d.<\/div>\n","protected":false},"excerpt":{"rendered":"<p>Este jueves se conoci\u00f3 que las tomas recolectadas en la camioneta de C\u00e9sar Sena no corresponden a Cecilia Strzyzowski, sin embargo, desde la Fiscal\u00eda aseguran que esto no afecta a la hip\u00f3tesis de la investigaci\u00f3n ni el sostenimiento de las prisiones preventivas. Nelia Vel\u00e1zquez, integrante del Equipo Fiscal Especial (EFE) que lleva adelante la investigaci\u00f3n [&hellip;]<\/p>\n","protected":false},"author":1,"featured_media":25178,"comment_status":"closed","ping_status":"closed","sticky":false,"template":"","format":"standard","meta":{"footnotes":""},"categories":[6],"tags":[],"class_list":{"0":"post-25177","1":"post","2":"type-post","3":"status-publish","4":"format-standard","5":"has-post-thumbnail","7":"category-chaco"},"_links":{"self":[{"href":"https:\/\/chacosintesis.com.ar\/index.php\/wp-json\/wp\/v2\/posts\/25177","targetHints":{"allow":["GET"]}}],"collection":[{"href":"https:\/\/chacosintesis.com.ar\/index.php\/wp-json\/wp\/v2\/posts"}],"about":[{"href":"https:\/\/chacosintesis.com.ar\/index.php\/wp-json\/wp\/v2\/types\/post"}],"author":[{"embeddable":true,"href":"https:\/\/chacosintesis.com.ar\/index.php\/wp-json\/wp\/v2\/users\/1"}],"replies":[{"embeddable":true,"href":"https:\/\/chacosintesis.com.ar\/index.php\/wp-json\/wp\/v2\/comments?post=25177"}],"version-history":[{"count":0,"href":"https:\/\/chacosintesis.com.ar\/index.php\/wp-json\/wp\/v2\/posts\/25177\/revisions"}],"wp:featuredmedia":[{"embeddable":true,"href":"https:\/\/chacosintesis.com.ar\/index.php\/wp-json\/wp\/v2\/media\/25178"}],"wp:attachment":[{"href":"https:\/\/chacosintesis.com.ar\/index.php\/wp-json\/wp\/v2\/media?parent=25177"}],"wp:term":[{"taxonomy":"category","embeddable":true,"href":"https:\/\/chacosintesis.com.ar\/index.php\/wp-json\/wp\/v2\/categories?post=25177"},{"taxonomy":"post_tag","embeddable":true,"href":"https:\/\/chacosintesis.com.ar\/index.php\/wp-json\/wp\/v2\/tags?post=25177"}],"curies":[{"name":"wp","href":"https:\/\/api.w.org\/{rel}","templated":true}]}}