{"id":25169,"date":"2023-08-11T15:54:00","date_gmt":"2023-08-11T18:54:00","guid":{"rendered":"https:\/\/chacosintesis.com.ar\/?p=25169"},"modified":"2023-08-11T16:07:11","modified_gmt":"2023-08-11T19:07:11","slug":"diversas-actividades-de-capitanich-en-comandancia-frias","status":"publish","type":"post","link":"https:\/\/chacosintesis.com.ar\/index.php\/diversas-actividades-de-capitanich-en-comandancia-frias\/","title":{"rendered":"Diversas actividades de Capitanich en Comandancia Fr\u00edas"},"content":{"rendered":"<div class=\"postie-post\">Se habilit\u00f3 la Casa del Sol y las plazoletas en los Barrio Media Luna y Tres Viviendas. Esta ma\u00f1ana, el gobernador Jorge Milton Capitanich, junto a la vicegobernadora Anal\u00eda Rach Quiroga, el ministro de Econom\u00eda, Santiago P\u00e9rez Pons, la ministra de Desarrollo Social y la intendente In\u00e9s Ortega, encabezaron la habilitaci\u00f3n de la Casa del Sol y las plazoletas de los barrios Media Luna y Tres Viviendas de Comandancia Fr\u00edas.<br \/>\nLa puesta en funcionamiento de la Casa del Sol consisti\u00f3 en \u201cla remodelaci\u00f3n de car\u00e1cter integral en donde se trabaja en procesos de capacitaci\u00f3n y oficios, reuniones de vecinos y vecinas, asistencia nutricional, con el objeto de garantizar la estrategia de inclusi\u00f3n social\u201d, explic\u00f3 Capitanich.  \u201cTambi\u00e9n estamos en Campo del Ni\u00f1o, con un centro de salud pr\u00f3ximo a inaugurar, paralelamente con el hospital de Comandancia Fr\u00edas en el que se ha hecho el desarrollo de car\u00e1cter integral y la ampliaci\u00f3n con un espacio para diagn\u00f3stico por im\u00e1genes con el objeto de optimizar el funcionamiento del sistema\u201d, agreg\u00f3.<br \/>\nPor otra parte, el gobernador destac\u00f3 la inauguraci\u00f3n de \u201cdos plazoletas p\u00fablicas que son importantes para el espacio y el desarrollo del encuentro\u201d y de \u201cla planta de osmosis inversa\u201d. \u201cComandancia Fr\u00edas ha tenido una expansi\u00f3n; estamos expandiendo la oferta y ahora se necesita tambi\u00e9n redes de conexi\u00f3n domiciliaria de agua potable que estamos ejecutando pr\u00f3ximamente\u201d, adelant\u00f3 Capitanich.<br \/>\n\u201cVamos a trabajar en este espacio territorial, en lo que denominamos econom\u00eda ambiental y circular. Eso significa que en ese espacio vamos a propiciar la emisi\u00f3n de un instrumento de car\u00e1cter financiero para que con los recursos podamos tener infraestructura\u201d, manifest\u00f3 Capitanich y agreg\u00f3: \u201cEsto nos permitir\u00e1 trabajar tambi\u00e9n en la formaci\u00f3n. Queremos que exista una compensaci\u00f3n para las comunidades originarias y criollas que aqu\u00ed habitan por la protecci\u00f3n del bosque nativo\u201d.<br \/>\nPor su parte, la intendente In\u00e9s Ortega, expres\u00f3 \u201cEs un dia muy lindo para Comandancia Fr\u00edas, en el que se inaugur\u00f3 la Casita del Sol donde va a funcionar un punto digital, una sala de artesanos, dos plazoletas para el Barrio Media Luna y para el Barrio Tres Viviendas y seguimos con la refacci\u00f3n de la escuela de la Fundaci\u00f3n Valdocco\u201d.<br \/>\n\u201cTambi\u00e9n tenemos tres centros de salud que est\u00e1n en ejecuci\u00f3n y la electrificaci\u00f3n rural\u201d, destac\u00f3 Ortega y concluy\u00f3: \u201cEstoy muy contenta por todas las obras que tenemos en nuestro Impenetrable\u201d.<\/div>\n","protected":false},"excerpt":{"rendered":"<p>Se habilit\u00f3 la Casa del Sol y las plazoletas en los Barrio Media Luna y Tres Viviendas. Esta ma\u00f1ana, el gobernador Jorge Milton Capitanich, junto a la vicegobernadora Anal\u00eda Rach Quiroga, el ministro de Econom\u00eda, Santiago P\u00e9rez Pons, la ministra de Desarrollo Social y la intendente In\u00e9s Ortega, encabezaron la habilitaci\u00f3n de la Casa del [&hellip;]<\/p>\n","protected":false},"author":1,"featured_media":25170,"comment_status":"closed","ping_status":"closed","sticky":false,"template":"","format":"standard","meta":{"footnotes":""},"categories":[6],"tags":[],"class_list":{"0":"post-25169","1":"post","2":"type-post","3":"status-publish","4":"format-standard","5":"has-post-thumbnail","7":"category-chaco"},"_links":{"self":[{"href":"https:\/\/chacosintesis.com.ar\/index.php\/wp-json\/wp\/v2\/posts\/25169","targetHints":{"allow":["GET"]}}],"collection":[{"href":"https:\/\/chacosintesis.com.ar\/index.php\/wp-json\/wp\/v2\/posts"}],"about":[{"href":"https:\/\/chacosintesis.com.ar\/index.php\/wp-json\/wp\/v2\/types\/post"}],"author":[{"embeddable":true,"href":"https:\/\/chacosintesis.com.ar\/index.php\/wp-json\/wp\/v2\/users\/1"}],"replies":[{"embeddable":true,"href":"https:\/\/chacosintesis.com.ar\/index.php\/wp-json\/wp\/v2\/comments?post=25169"}],"version-history":[{"count":0,"href":"https:\/\/chacosintesis.com.ar\/index.php\/wp-json\/wp\/v2\/posts\/25169\/revisions"}],"wp:featuredmedia":[{"embeddable":true,"href":"https:\/\/chacosintesis.com.ar\/index.php\/wp-json\/wp\/v2\/media\/25170"}],"wp:attachment":[{"href":"https:\/\/chacosintesis.com.ar\/index.php\/wp-json\/wp\/v2\/media?parent=25169"}],"wp:term":[{"taxonomy":"category","embeddable":true,"href":"https:\/\/chacosintesis.com.ar\/index.php\/wp-json\/wp\/v2\/categories?post=25169"},{"taxonomy":"post_tag","embeddable":true,"href":"https:\/\/chacosintesis.com.ar\/index.php\/wp-json\/wp\/v2\/tags?post=25169"}],"curies":[{"name":"wp","href":"https:\/\/api.w.org\/{rel}","templated":true}]}}