{"id":25155,"date":"2023-08-11T15:35:04","date_gmt":"2023-08-11T18:35:04","guid":{"rendered":"https:\/\/chacosintesis.com.ar\/?p=25155"},"modified":"2023-08-11T15:37:01","modified_gmt":"2023-08-11T18:37:01","slug":"mas-de-380-policias-patrullan-las-calles-de-resistencia","status":"publish","type":"post","link":"https:\/\/chacosintesis.com.ar\/index.php\/mas-de-380-policias-patrullan-las-calles-de-resistencia\/","title":{"rendered":"M\u00e1s de 380 polic\u00edas patrullan las calles de Resistencia"},"content":{"rendered":"<div class=\"postie-post\">Nuevo operativo de prevenci\u00f3n en jurisdicci\u00f3n de las comisar\u00edas Cuarta, Sexta y D\u00e9cimo primera.<br \/>\nEl gobernador Jorge Milton Capitanich escuch\u00f3 las ideas de los vecinos y vecinas y por ello diagram\u00f3, junto con el Ministerio de Seguridad y la Polic\u00eda, recorridas por diferentes puntos de la ciudad, los cuales tienen horarios rotativos y puntos de encuentro, para poder brindar las 24 horas una mejor y mayor seguridad ciudadana.<br \/>\nLos agentes que concurran al dispositivo de seguridad, est\u00e1n instruidos con la misi\u00f3n, ubicaci\u00f3n y estrategias a seguir en este sistema integrado de prevenci\u00f3n, a efectos de prevenir cualquier tipo de infracci\u00f3n y hechos delictivos de cualquier \u00edndole, con el objeto de lograr una eficaz y eficiente labor policial.<br \/>\nTodas las comisar\u00edas del \u00e1rea metropolitana y de localidades aleda\u00f1as estar\u00e1n afectadas a las recorridas preventivas en los barrios que comprenden las avenidas Hernandarias, Alvear, Mac Lean, Marconi y Ruta Nacional N\u00b0 11.<br \/>\nA estas seccionales los acompa\u00f1ar\u00e1n los efectivos del COM, Consumos Problem\u00e1ticos, Investigaciones Complejas, Caballer\u00eda, COE, Patrulla Preventiva, Canes, Violencia Familiar y de G\u00e9nero, Seguridad Hospitalaria, como asimismo, Polic\u00eda Caminera y de las \u00e1reas administrativas de Jefatura de Polic\u00eda, quienes realizar\u00e1n controles moto vehiculares en distintos puntos de las jurisdicciones.<\/div>\n","protected":false},"excerpt":{"rendered":"<p>Nuevo operativo de prevenci\u00f3n en jurisdicci\u00f3n de las comisar\u00edas Cuarta, Sexta y D\u00e9cimo primera. El gobernador Jorge Milton Capitanich escuch\u00f3 las ideas de los vecinos y vecinas y por ello diagram\u00f3, junto con el Ministerio de Seguridad y la Polic\u00eda, recorridas por diferentes puntos de la ciudad, los cuales tienen horarios rotativos y puntos de [&hellip;]<\/p>\n","protected":false},"author":1,"featured_media":25156,"comment_status":"closed","ping_status":"closed","sticky":false,"template":"","format":"standard","meta":{"footnotes":""},"categories":[6],"tags":[],"class_list":{"0":"post-25155","1":"post","2":"type-post","3":"status-publish","4":"format-standard","5":"has-post-thumbnail","7":"category-chaco"},"_links":{"self":[{"href":"https:\/\/chacosintesis.com.ar\/index.php\/wp-json\/wp\/v2\/posts\/25155","targetHints":{"allow":["GET"]}}],"collection":[{"href":"https:\/\/chacosintesis.com.ar\/index.php\/wp-json\/wp\/v2\/posts"}],"about":[{"href":"https:\/\/chacosintesis.com.ar\/index.php\/wp-json\/wp\/v2\/types\/post"}],"author":[{"embeddable":true,"href":"https:\/\/chacosintesis.com.ar\/index.php\/wp-json\/wp\/v2\/users\/1"}],"replies":[{"embeddable":true,"href":"https:\/\/chacosintesis.com.ar\/index.php\/wp-json\/wp\/v2\/comments?post=25155"}],"version-history":[{"count":0,"href":"https:\/\/chacosintesis.com.ar\/index.php\/wp-json\/wp\/v2\/posts\/25155\/revisions"}],"wp:featuredmedia":[{"embeddable":true,"href":"https:\/\/chacosintesis.com.ar\/index.php\/wp-json\/wp\/v2\/media\/25156"}],"wp:attachment":[{"href":"https:\/\/chacosintesis.com.ar\/index.php\/wp-json\/wp\/v2\/media?parent=25155"}],"wp:term":[{"taxonomy":"category","embeddable":true,"href":"https:\/\/chacosintesis.com.ar\/index.php\/wp-json\/wp\/v2\/categories?post=25155"},{"taxonomy":"post_tag","embeddable":true,"href":"https:\/\/chacosintesis.com.ar\/index.php\/wp-json\/wp\/v2\/tags?post=25155"}],"curies":[{"name":"wp","href":"https:\/\/api.w.org\/{rel}","templated":true}]}}