{"id":25153,"date":"2023-08-11T15:33:38","date_gmt":"2023-08-11T18:33:38","guid":{"rendered":"https:\/\/chacosintesis.com.ar\/?p=25153"},"modified":"2023-08-11T15:36:56","modified_gmt":"2023-08-11T18:36:56","slug":"finalizo-la-etapa-de-oposicion-del-concurso-para-la-vacante-en-el-superior-tribunal-de-justicia","status":"publish","type":"post","link":"https:\/\/chacosintesis.com.ar\/index.php\/finalizo-la-etapa-de-oposicion-del-concurso-para-la-vacante-en-el-superior-tribunal-de-justicia\/","title":{"rendered":"Finaliz\u00f3 la etapa de oposici\u00f3n del concurso para la vacante en el Superior Tribunal de Justicia"},"content":{"rendered":"<div class=\"postie-post\">Con las entrevistas a dos de los postulantes finaliz\u00f3 la etapa preliminar, luego se les otorgar\u00e1 un puntaje y avanzar\u00e1 el proceso con todos los candidatos.<br \/>\nLleg\u00f3 a su fin la etapa de oposici\u00f3n del concurso p\u00fablico para acceder al cargo vacante en el Superior Tribunal de Justicia del Chaco que cuenta con diez postulantes, dos de los cuales no participaron del que tuvo lugar en 2021 y por tal motivo debieron atravesar las instancias de antecedentes y oposici\u00f3n.<br \/>\nDe esta manera, Dolly Roxana Fern\u00e1ndez y Fabi\u00e1n Amarilla concurrieron a las entrevistas personales ante el tribunal examinador del Consejo de la Magistratura y Jurado de Enjuiciamiento que representa la tercera y \u00faltima fase de esta etapa. Previamente hab\u00edan rendido el examen oral y presentado sus planes de gobierno.<br \/>\nFueron interrogados exhaustivamente respecto de lo que dice la ley 2082-B en un marco de prudencial respeto de su buen nombre y honor,  y la correcta valoraci\u00f3n de sus aptitudes morales, permiti\u00e9ndoles expresar su idoneidad t\u00e9cnica y jur\u00eddica, trayectoria y compromiso con la defensa de los derechos humanos y los valores democr\u00e1ticos que lo hagan merecedor de tan importante funci\u00f3n.<br \/>\nAdem\u00e1s, la ley se\u00f1ala que ser\u00e1n especialmente valoradas la coherencia de los antecedentes profesionales y personales del postulante, con el rol que le compete al Superior Tribunal de Justicia, como garante del estado de derecho y factor de equilibrio pol\u00edtico-institucional del sistema democr\u00e1tico, como asimismo su compromiso con la justicia y los derechos y libertades fundamentales de los miembros de la comunidad.<br \/>\nEl tribunal examinador estuvo integrado por el presidente del CMyJE Daniel Zalazar; la vicepresidenta Iride Isabel Mar\u00eda Grillo y las consejeras y consejeros: Cristian Rol\u00f3n Motter (suplente), Edgardo Reguera, Ana Mariela Kassor, Carim Peche y Jessica Ayala. Adem\u00e1s asistieron la y los consejeros suplentes Elina Nicoloff, V\u00edctor del R\u00edo, H\u00e9ctor Geijo y Ra\u00fal Rundio, la jueza del STJ Emilia Mar\u00eda Valle, integrantes del poder judicial y p\u00fablico en general.<br \/>\nEn esta fase tanto Fern\u00e1ndez como Amarilla dispusieron de quince minutos para hablar libremente tanto sobre su experiencia como antecedentes profesionales y personales; luego el tribunal les hizo preguntas respecto a distintos aspectos.<br \/>\nEn las etapas de antecedentes y oposici\u00f3n solo participan Fern\u00e1ndez y Amarilla porque las y los dem\u00e1s postulantes: Ernesto Azcona, Jorge Gustavo Dahlgren, Juli\u00e1n Benito Flores, Gonzalo Garc\u00eda Verit\u00e1, Gladis Regosky, Jorge Sinkovich, N\u00e9stor Varela y Fernando Zabalza optaron por mantener el puntaje alcanzado en el concurso de 2021.<\/p>\n<p>C\u00f3mo sigue<br \/>\nAhora el tribunal examinador evaluar\u00e1 y decidir\u00e1 qu\u00e9 puntaje les corresponde. En caso de que no haya unanimidad la calificaci\u00f3n ser\u00e1 por mayor\u00eda y se dejar\u00e1 constancia de la opini\u00f3n minoritaria. Despu\u00e9s el Consejo de la Magistratura, dentro de los cinco d\u00edas h\u00e1biles contados a partir de la conclusi\u00f3n de las entrevistas, emitir\u00e1 el dictamen que contenga, bajo sanci\u00f3n de nulidad, fundamentos de la calificaci\u00f3n y confeccionar\u00e1 la lista de quienes superen los cincuenta puntos tanto en la etapa de antecedentes como en la de oposici\u00f3n. La decisi\u00f3n ser\u00e1 publicada por un d\u00eda en el bolet\u00edn oficial, en un diario de circulaci\u00f3n provincial y en <a href=\"http:\/\/www.conmagchaco.gov.ar\">www.conmagchaco.gov.ar<\/a>.<br \/>\nLa audiencia p\u00fablica tendr\u00e1 lugar en un plazo no mayor de 30 d\u00edas corridos desde la publicaci\u00f3n de la n\u00f3mina antes mencionada. En ella entidades profesionales, organizaciones sociales, de derechos humanos y ciudadan\u00eda en general podr\u00e1n emitir su opini\u00f3n y realizar preguntas referidas a la vocaci\u00f3n de quien ocupar\u00e1 el cargo; as\u00ed como su posici\u00f3n respecto a temas de importancia institucional o social, entre otros.<br \/>\nPor \u00faltimo, el CMyJE fijar\u00e1 d\u00eda y hora para la reuni\u00f3n de votaci\u00f3n de la que resultar\u00e1 propuesta o propuesto quien obtuviere, al menos, la mitad m\u00e1s uno de los votos. La propuesta ser\u00e1 elevada inmediatamente al Poder Ejecutivo de acuerdo con el art\u00edculo 158 de la Constituci\u00f3n Provincial para que proceda a su designaci\u00f3n y posterior jura en el cargo ante el STJ.<\/div>\n","protected":false},"excerpt":{"rendered":"<p>Con las entrevistas a dos de los postulantes finaliz\u00f3 la etapa preliminar, luego se les otorgar\u00e1 un puntaje y avanzar\u00e1 el proceso con todos los candidatos. Lleg\u00f3 a su fin la etapa de oposici\u00f3n del concurso p\u00fablico para acceder al cargo vacante en el Superior Tribunal de Justicia del Chaco que cuenta con diez postulantes, [&hellip;]<\/p>\n","protected":false},"author":1,"featured_media":25154,"comment_status":"closed","ping_status":"closed","sticky":false,"template":"","format":"standard","meta":{"footnotes":""},"categories":[6],"tags":[],"class_list":{"0":"post-25153","1":"post","2":"type-post","3":"status-publish","4":"format-standard","5":"has-post-thumbnail","7":"category-chaco"},"_links":{"self":[{"href":"https:\/\/chacosintesis.com.ar\/index.php\/wp-json\/wp\/v2\/posts\/25153","targetHints":{"allow":["GET"]}}],"collection":[{"href":"https:\/\/chacosintesis.com.ar\/index.php\/wp-json\/wp\/v2\/posts"}],"about":[{"href":"https:\/\/chacosintesis.com.ar\/index.php\/wp-json\/wp\/v2\/types\/post"}],"author":[{"embeddable":true,"href":"https:\/\/chacosintesis.com.ar\/index.php\/wp-json\/wp\/v2\/users\/1"}],"replies":[{"embeddable":true,"href":"https:\/\/chacosintesis.com.ar\/index.php\/wp-json\/wp\/v2\/comments?post=25153"}],"version-history":[{"count":0,"href":"https:\/\/chacosintesis.com.ar\/index.php\/wp-json\/wp\/v2\/posts\/25153\/revisions"}],"wp:featuredmedia":[{"embeddable":true,"href":"https:\/\/chacosintesis.com.ar\/index.php\/wp-json\/wp\/v2\/media\/25154"}],"wp:attachment":[{"href":"https:\/\/chacosintesis.com.ar\/index.php\/wp-json\/wp\/v2\/media?parent=25153"}],"wp:term":[{"taxonomy":"category","embeddable":true,"href":"https:\/\/chacosintesis.com.ar\/index.php\/wp-json\/wp\/v2\/categories?post=25153"},{"taxonomy":"post_tag","embeddable":true,"href":"https:\/\/chacosintesis.com.ar\/index.php\/wp-json\/wp\/v2\/tags?post=25153"}],"curies":[{"name":"wp","href":"https:\/\/api.w.org\/{rel}","templated":true}]}}