{"id":25151,"date":"2023-08-11T15:31:14","date_gmt":"2023-08-11T18:31:14","guid":{"rendered":"https:\/\/chacosintesis.com.ar\/?p=25151"},"modified":"2023-08-11T15:36:50","modified_gmt":"2023-08-11T18:36:50","slug":"educacion-informaron-las-fechas-del-periodo-de-tachas-para-la-designacion-de-supervisores-del-nivel-primario","status":"publish","type":"post","link":"https:\/\/chacosintesis.com.ar\/index.php\/educacion-informaron-las-fechas-del-periodo-de-tachas-para-la-designacion-de-supervisores-del-nivel-primario\/","title":{"rendered":"Educaci\u00f3n: Informaron las fechas del per\u00edodo de tachas para la designaci\u00f3n de supervisores del nivel primario"},"content":{"rendered":"<div class=\"postie-post\">A partir del lunes 14 de agosto y por 10 d\u00edas h\u00e1biles se habilita el Per\u00edodo de Tachas para directores y directoras de segunda categor\u00eda, y vicedirectores, vicedirectoras. El Ministerio de Educaci\u00f3n del Chaco, a trav\u00e9s de la Junta de Clasificaci\u00f3n de Nivel Primario, comunica que el lunes 14 de agosto y por 10 d\u00edas h\u00e1biles se habilita el Per\u00edodo de Tachas para directores y directoras de segunda categor\u00eda, y vicedirectores, vicedirectoras de escuelas de educaci\u00f3n primaria de todas las regionales educativas, que re\u00fanan condiciones para la designaci\u00f3n de Supervisores Interinos y\/o suplentes con puntaje al 23\/12\/22. Las listas provisorias est\u00e1n a disposici\u00f3n en la plataforma SIE de Tu Gobierno Digital y en las distintas sedes regionales. Para consultas y\/o reclamos, los interesados e interesadas podr\u00e1n dirigirse a las sedes de la junta. En Resistencia (Gobernador Bosch 99, Nave 1) de 7 a 13, o a trav\u00e9s del mail <a href=\"mailto:jtaprim368@gmail.com\" >jtaprim368@gmail.com<\/a>  o el tel\u00e9fono 3624 453015. Y en S\u00e1enz Pe\u00f1a, en Chacabuco 310 (planta baja, calle 5 esquina 8) de 7 a 13hs. O al mail de la junta: <a href=\"mailto:juntaprimariasp@gmail.com\" >juntaprimariasp@gmail.com<\/a>, o a su tel\u00e9fono: 3644 428347.<\/div>\n","protected":false},"excerpt":{"rendered":"<p>A partir del lunes 14 de agosto y por 10 d\u00edas h\u00e1biles se habilita el Per\u00edodo de Tachas para directores y directoras de segunda categor\u00eda, y vicedirectores, vicedirectoras. El Ministerio de Educaci\u00f3n del Chaco, a trav\u00e9s de la Junta de Clasificaci\u00f3n de Nivel Primario, comunica que el lunes 14 de agosto y por 10 d\u00edas [&hellip;]<\/p>\n","protected":false},"author":1,"featured_media":25152,"comment_status":"closed","ping_status":"closed","sticky":false,"template":"","format":"standard","meta":{"footnotes":""},"categories":[6],"tags":[],"class_list":{"0":"post-25151","1":"post","2":"type-post","3":"status-publish","4":"format-standard","5":"has-post-thumbnail","7":"category-chaco"},"_links":{"self":[{"href":"https:\/\/chacosintesis.com.ar\/index.php\/wp-json\/wp\/v2\/posts\/25151","targetHints":{"allow":["GET"]}}],"collection":[{"href":"https:\/\/chacosintesis.com.ar\/index.php\/wp-json\/wp\/v2\/posts"}],"about":[{"href":"https:\/\/chacosintesis.com.ar\/index.php\/wp-json\/wp\/v2\/types\/post"}],"author":[{"embeddable":true,"href":"https:\/\/chacosintesis.com.ar\/index.php\/wp-json\/wp\/v2\/users\/1"}],"replies":[{"embeddable":true,"href":"https:\/\/chacosintesis.com.ar\/index.php\/wp-json\/wp\/v2\/comments?post=25151"}],"version-history":[{"count":0,"href":"https:\/\/chacosintesis.com.ar\/index.php\/wp-json\/wp\/v2\/posts\/25151\/revisions"}],"wp:featuredmedia":[{"embeddable":true,"href":"https:\/\/chacosintesis.com.ar\/index.php\/wp-json\/wp\/v2\/media\/25152"}],"wp:attachment":[{"href":"https:\/\/chacosintesis.com.ar\/index.php\/wp-json\/wp\/v2\/media?parent=25151"}],"wp:term":[{"taxonomy":"category","embeddable":true,"href":"https:\/\/chacosintesis.com.ar\/index.php\/wp-json\/wp\/v2\/categories?post=25151"},{"taxonomy":"post_tag","embeddable":true,"href":"https:\/\/chacosintesis.com.ar\/index.php\/wp-json\/wp\/v2\/tags?post=25151"}],"curies":[{"name":"wp","href":"https:\/\/api.w.org\/{rel}","templated":true}]}}