{"id":25145,"date":"2023-08-11T09:34:22","date_gmt":"2023-08-11T12:34:22","guid":{"rendered":"https:\/\/chacosintesis.com.ar\/?p=25145"},"modified":"2023-08-11T09:36:51","modified_gmt":"2023-08-11T12:36:51","slug":"villa-angela-dos-allanamientos-terminaron-con-una-detencion-y-el-secuestro-de-cocaina","status":"publish","type":"post","link":"https:\/\/chacosintesis.com.ar\/index.php\/villa-angela-dos-allanamientos-terminaron-con-una-detencion-y-el-secuestro-de-cocaina\/","title":{"rendered":"Villa Angela: Dos allanamientos terminaron con una detenci\u00f3n y el secuestro de coca\u00edna"},"content":{"rendered":"<div class=\"postie-post\">Se iniciaron actuaciones por la causa de \u201cSupuesta Infracci\u00f3n a la Ley de Estupefacientes\u201d. La investigaci\u00f3n contin\u00faa para dar con el otro sospechoso.<\/p>\n<p>La Polic\u00eda del Chaco realiz\u00f3 dos allanamientos que terminaron con una detenci\u00f3n y el secuestro de coca\u00edna. Fue este jueves en Villa \u00c1ngela y los operativos estuvieron a cargo de los efectivos de la Divisi\u00f3n Operaciones Drogas de la localidad.<br \/>\n\u201cLos antinarc\u00f3ticos realizaron dos allanamientos simult\u00e1neos en la localidad de Villa \u00c1ngela por una investigaci\u00f3n sobre la presunta venta de estupefacientes. As\u00ed aprehendieron a un hombre de 31 a\u00f1os, incautaron varias bochitas de coca\u00edna y elementos de inter\u00e9s\u201d, relataron desde la Polic\u00eda del Chaco.<br \/>\nUno de los operativos se realiz\u00f3 en el barrio Porvenir y tuvo resultados negativos ya que el principal investigado no estaba en el domicilio. Tampoco se hallaron elementos de inter\u00e9s para la causa.<br \/>\nEl otro allanamiento, realizado en el barrio Cacique Cat\u00e1n, termin\u00f3 con el secuestro de 45 bochitas de coca\u00edna y con la aprehensi\u00f3n de un hombre de 31 a\u00f1os. Tambi\u00e9n se incaut\u00f3 un celular y varios recortes de nylon.<br \/>\nSe iniciaron actuaciones por la causa de \u201cSupuesta Infracci\u00f3n a la Ley de Estupefacientes\u201d. La investigaci\u00f3n contin\u00faa para dar con el otro sospechoso.<\/p><\/div>\n","protected":false},"excerpt":{"rendered":"<p>Se iniciaron actuaciones por la causa de \u201cSupuesta Infracci\u00f3n a la Ley de Estupefacientes\u201d. La investigaci\u00f3n contin\u00faa para dar con el otro sospechoso. La Polic\u00eda del Chaco realiz\u00f3 dos allanamientos que terminaron con una detenci\u00f3n y el secuestro de coca\u00edna. Fue este jueves en Villa \u00c1ngela y los operativos estuvieron a cargo de los efectivos [&hellip;]<\/p>\n","protected":false},"author":1,"featured_media":25146,"comment_status":"closed","ping_status":"closed","sticky":false,"template":"","format":"standard","meta":{"footnotes":""},"categories":[6],"tags":[],"class_list":{"0":"post-25145","1":"post","2":"type-post","3":"status-publish","4":"format-standard","5":"has-post-thumbnail","7":"category-chaco"},"_links":{"self":[{"href":"https:\/\/chacosintesis.com.ar\/index.php\/wp-json\/wp\/v2\/posts\/25145","targetHints":{"allow":["GET"]}}],"collection":[{"href":"https:\/\/chacosintesis.com.ar\/index.php\/wp-json\/wp\/v2\/posts"}],"about":[{"href":"https:\/\/chacosintesis.com.ar\/index.php\/wp-json\/wp\/v2\/types\/post"}],"author":[{"embeddable":true,"href":"https:\/\/chacosintesis.com.ar\/index.php\/wp-json\/wp\/v2\/users\/1"}],"replies":[{"embeddable":true,"href":"https:\/\/chacosintesis.com.ar\/index.php\/wp-json\/wp\/v2\/comments?post=25145"}],"version-history":[{"count":0,"href":"https:\/\/chacosintesis.com.ar\/index.php\/wp-json\/wp\/v2\/posts\/25145\/revisions"}],"wp:featuredmedia":[{"embeddable":true,"href":"https:\/\/chacosintesis.com.ar\/index.php\/wp-json\/wp\/v2\/media\/25146"}],"wp:attachment":[{"href":"https:\/\/chacosintesis.com.ar\/index.php\/wp-json\/wp\/v2\/media?parent=25145"}],"wp:term":[{"taxonomy":"category","embeddable":true,"href":"https:\/\/chacosintesis.com.ar\/index.php\/wp-json\/wp\/v2\/categories?post=25145"},{"taxonomy":"post_tag","embeddable":true,"href":"https:\/\/chacosintesis.com.ar\/index.php\/wp-json\/wp\/v2\/tags?post=25145"}],"curies":[{"name":"wp","href":"https:\/\/api.w.org\/{rel}","templated":true}]}}